{"id":465,"date":"2016-07-22T11:30:13","date_gmt":"2016-07-22T10:30:13","guid":{"rendered":"https:\/\/www.pestanagroup.com\/?p=465"},"modified":"2023-01-11T13:00:38","modified_gmt":"2023-01-11T13:00:38","slug":"cristiano-ronaldo-e-dionisio-pestana-abrem-portas-juntos","status":"publish","type":"post","link":"https:\/\/www.pestanagroup.com\/pt-pt\/cristiano-ronaldo-e-dionisio-pestana-abrem-portas-juntos\/","title":{"rendered":"CRISTIANO RONALDO E DION\u00cdSIO PESTANA ABREM PORTAS JUNTOS"},"content":{"rendered":"<pre><strong><img loading=\"lazy\" decoding=\"async\" width=\"375\" height=\"256\" class=\"alignnone size-full wp-image-794\" src=\"\/wp-content\/uploads\/2017\/07\/pestana-cr7-funchal-opening-636058386783156089.jpg\" alt=\"\" \/><\/strong><\/pre>\n<h1>22 JUL 2016<\/h1>\n<p><em>Realiza-se hoje a cerim\u00f3nia de inaugura\u00e7\u00e3o oficial do hotel\u00a0<strong>Pestana CR7 Funchal<\/strong>, o primeiro hotel que resulta da parceria entre o maior jogador de futebol do mundo e a cadeia de hotelaria multinacional l\u00edder em Portugal.<\/em><\/p>\n<p>Aberto desde dia 1 de julho, em pleno Euro 2016, o\u00a0<strong>Pestana CR7 Funchal\u00a0<\/strong>recebe agora Cristiano Ronaldo e Dion\u00edsio Pestana para oficializarem a inaugura\u00e7\u00e3o desta primeira unidade que \u00e9 j\u00e1 um sucesso. A cerim\u00f3nia conta com os discursos de Cristiano Ronaldo, do Chairman do Grupo Pestana, Dion\u00edsio Pestana, do presidente do Governo Regional da Madeira, Miguel Albuquerque e tem o seu ponto alto no descerrar da placa inaugural.<\/p>\n<p>O\u00a0<strong>Pestana CR7 Funchal<\/strong>, no Porto do Funchal \u00e9 um lifestyle hotel, concebido para os millennials e, por isso, com total &#8220;conforto&#8221; digital, com o conceito SO-ME-MO (Social Media Mobile) e wall-less nas zonas p\u00fablicas para permitir permanente conectividade e socializa\u00e7\u00e3o dos convidados e h\u00f3spedes.<\/p>\n<p>Tem 49 quartos &#8211; 25 quartos\u00a0de tipologia CR7, 23 CR7 Superiores\u00a0e 1 CR7 Suite. Todos os quartos do\u00a0<strong>Pestana CR7 Funchal<\/strong>\u00a0incluem Apple TV, SmartTV de 49 polegadas, Screen mirroring para dispositivos Apple e Android, liga\u00e7\u00e3o \u00e1udio bluetooth e HDMI \u00e0 televis\u00e3o, entre muitas outras funcionalidades que, apesar de importantes para as novas gera\u00e7\u00f5es, s\u00e3o ainda dif\u00edceis de encontrar fora de casa, como, por exemplo, carregadores USB duplos nas cabeceiras.<\/p>\n<p>Para al\u00e9m de todas as comodidades e equipamentos dos quartos CR7, a su\u00edte de Cristiano Ronaldo inclui PlayStation 4 + \u00d3culos de Realidade Virtual &amp; Jogos e ainda equipamento para treino cardio com um plano desenvolvido pelo pr\u00f3prio.<\/p>\n<p>Em todo o hotel, os clientes podem utilizar o acesso gratuito ao WIFI de alta velocidade e aproveitar tamb\u00e9m WIFI em hotspots, fora da unidade, totalmente gratuitos.<\/p>\n<p>A piscina no\u00a0rooftop, enquadrada entre o oceano e o excepcional anfiteatro da ba\u00eda da ilha, est\u00e1 rodeado de um deck para relaxamento e dois conceitos inovadores: uma outdoor sauna e um open air gym.<\/p>\n<p>O\u00a0<em>Rooftop<\/em>\u00a0Bar, ao lado da piscina, permite apreciar de forma descontra\u00edda a magn\u00edfica vista sobre o mar e a encosta que caracteriza a cidade do Funchal, enquanto se desfruta de um cocktail preparado pelos\u00a0<em>mixologists<\/em>\u00a0Pestana CR7. Depois do cocktail, o jantar no restaurante oferece uma nova experi\u00eancia\u00a0<em>trendy<\/em>\u00a0na ilha do Funchal, com o forno aberto \u00e0 vista dos clientes.<\/p>\n<p>Para quem exige estar em boa forma, o Pestana CR7 Funchal\u00a0tem ainda um programa personalizado\u00a0<em>Get In Shape<\/em>.<\/p>\n<p>Sobre a inaugura\u00e7\u00e3o desta unidade ic\u00f3nica, Dion\u00edsio Pestana, Chairman do Pestana Hotel Group, considera que &#8221; Esta 4\u00aa marca \u00e9 um passo decisivo da aposta do Grupo Pestana numa nova gera\u00e7\u00e3o de hot\u00e9is, para uma nova gera\u00e7\u00e3o \u2013 os millennials&#8221;.<\/p>\n<p>Para Cristiano Ronaldo, &#8220;O primeiro Pestana CR7 tinha que ser no Funchal: a minha cidade e considerada a melhor ilha pelos World Travel Awards. \u00c9 um enorme orgulho a inaugura\u00e7\u00e3o deste hotel, porque marca a minha entrada numa \u00e1rea completamente nova. Este novo projeto tem tudo para ser um enorme sucesso nos quatro cantos do mundo&#8221;.<\/p>\n<p>A marca\u00a0<strong>Pestana CR7 Lifestyle Hotels<\/strong>\u00a0prev\u00ea a abertura de 4 unidades: Porto do Funchal (hoje inaugurada), Baixa de Lisboa, Gran V\u00eda de Madrid e Nova Iorque (perto de Times Square). No total s\u00e3o cerca de 500 quartos, localizados em quatro destinos ic\u00f3nicos e de reconhecida sustentabilidade tur\u00edstica.\u00a0 A marca CR7 \u00e9 a principal fonte de inspira\u00e7\u00e3o para os quatro hot\u00e9is com um conceito\u00a0<em>lifestyle<\/em>. O objetivo \u00e9 a afirma\u00e7\u00e3o destas novas unidades como\u00a0<em>trendsetters<\/em>\u00a0nas suas localiza\u00e7\u00f5es.<\/p>\n<p>Ao Pestana CR7 Funchal segue-se a unidade de Lisboa, com abertura prevista para o terceiro trimestre deste ano. Madrid e Nova Iorque s\u00e3o projetos a concretizar em 2017.\u00a0 Com estas novas aberturas, o Pestana Hotel Group ultrapassa a fasquia das 90 unidades em 15 pa\u00edses, consolidando a sua estrat\u00e9gia de internacionaliza\u00e7\u00e3o.<\/p>\n<p>A sociedade \u00e9 detida em partes iguais, mas cabe ao Pestana Hotel Group a gest\u00e3o operacional do neg\u00f3cio. O investimento global nas 4 unidades \u00e9 de 75 milh\u00f5es de euros.<\/p>\n<p>Com o lan\u00e7amento da marca Pestana CR7, que tem um site espec\u00edfico \u00e0 imagem da nova marca,\u00a0<a title=\"Pestana CR7\" href=\"http:\/\/www.pestanacr7.com\/\" target=\"_blank\" rel=\"noopener\"><span style=\"color: #0066cc;\">www.pestanacr7.com<\/span><\/a>, o portef\u00f3lio do Pestana Hotel Group passa a gerir 4 marcas:\u00a0<em>Pestana Hotels&amp;Resorts<\/em>,\u00a0<em>Pestana Collection Hotels<\/em>,\u00a0<em>Pestana Pousadas de Portugal<\/em>\u00a0e\u00a0<em>Pestana CR7<\/em>.<\/p>\n<p><strong>Conhe\u00e7a j\u00e1\u00a0o novo hotel\u00a0<\/strong><a title=\"Pestana CR7 Funchal\" href=\"http:\/\/www.pestanacr7.com\/pt\/hotel\/pestana-cr7-funchal\" target=\"_blank\" rel=\"noopener\"><strong><span style=\"color: #0066cc;\">Pestana CR7 Funchal<\/span><\/strong><\/a><strong>!<\/strong><\/p>\n","protected":false},"excerpt":{"rendered":"22 JUL 2016 Realiza-se hoje a cerim\u00f3nia de inaugura\u00e7\u00e3o oficial do hotel\u00a0Pestana CR7 Funchal, o primeiro hotel que resulta da parceria entre o maior jogador de futebol do mundo e a cadeia de hotelaria multinacional l\u00edder em Portugal. Aberto desde dia 1 de julho, em pleno Euro 2016, o\u00a0Pestana CR7 Funchal\u00a0recebe agora Cristiano Ronaldo e&#8230; <a class=\"view-article\" href=\"https:\/\/www.pestanagroup.com\/pt-pt\/cristiano-ronaldo-e-dionisio-pestana-abrem-portas-juntos\/\">Ver artigo<\/a>","protected":false},"author":33,"featured_media":794,"comment_status":"open","ping_status":"open","sticky":false,"template":"","format":"standard","meta":{"footnotes":""},"categories":[79],"tags":[],"class_list":["post-465","post","type-post","status-publish","format-standard","has-post-thumbnail","hentry","category-news"],"yoast_head":"<!-- This site is optimized with the Yoast SEO plugin v25.4 - https:\/\/yoast.com\/wordpress\/plugins\/seo\/ -->\n<title>CRISTIANO RONALDO E DION\u00cdSIO PESTANA ABREM PORTAS JUNTOS - Grupo Pestana<\/title>\n<meta name=\"robots\" content=\"index, follow, max-snippet:-1, max-image-preview:large, max-video-preview:-1\" \/>\n<link rel=\"canonical\" href=\"https:\/\/www.pestanagroup.com\/pt-pt\/cristiano-ronaldo-e-dionisio-pestana-abrem-portas-juntos\/\" \/>\n<meta property=\"og:locale\" content=\"pt_PT\" \/>\n<meta property=\"og:type\" content=\"article\" \/>\n<meta property=\"og:title\" content=\"CRISTIANO RONALDO E DION\u00cdSIO PESTANA ABREM PORTAS JUNTOS - Grupo Pestana\" \/>\n<meta property=\"og:description\" content=\"22 JUL 2016 Realiza-se hoje a cerim\u00f3nia de inaugura\u00e7\u00e3o oficial do hotel\u00a0Pestana CR7 Funchal, o primeiro hotel que resulta da parceria entre o maior jogador de futebol do mundo e a cadeia de hotelaria multinacional l\u00edder em Portugal. Aberto desde dia 1 de julho, em pleno Euro 2016, o\u00a0Pestana CR7 Funchal\u00a0recebe agora Cristiano Ronaldo e... Ver artigo\" \/>\n<meta property=\"og:url\" content=\"https:\/\/www.pestanagroup.com\/pt-pt\/cristiano-ronaldo-e-dionisio-pestana-abrem-portas-juntos\/\" \/>\n<meta property=\"og:site_name\" content=\"Grupo Pestana\" \/>\n<meta property=\"article:published_time\" content=\"2016-07-22T10:30:13+00:00\" \/>\n<meta property=\"article:modified_time\" content=\"2023-01-11T13:00:38+00:00\" \/>\n<meta property=\"og:image\" content=\"https:\/\/www.pestanagroup.com\/wp-content\/uploads\/2017\/07\/pestana-cr7-funchal-opening-636058386783156089.jpg\" \/>\n\t<meta property=\"og:image:width\" content=\"375\" \/>\n\t<meta property=\"og:image:height\" content=\"256\" \/>\n\t<meta property=\"og:image:type\" content=\"image\/jpeg\" \/>\n<meta name=\"author\" content=\"DigitalPestana\" \/>\n<meta name=\"twitter:card\" content=\"summary_large_image\" \/>\n<meta name=\"twitter:label1\" content=\"Escrito por\" \/>\n\t<meta name=\"twitter:data1\" content=\"DigitalPestana\" \/>\n\t<meta name=\"twitter:label2\" content=\"Tempo estimado de leitura\" \/>\n\t<meta name=\"twitter:data2\" content=\"4 minutos\" \/>\n<script type=\"application\/ld+json\" class=\"yoast-schema-graph\">{\"@context\":\"https:\/\/schema.org\",\"@graph\":[{\"@type\":\"WebPage\",\"@id\":\"https:\/\/www.pestanagroup.com\/pt-pt\/cristiano-ronaldo-e-dionisio-pestana-abrem-portas-juntos\/\",\"url\":\"https:\/\/www.pestanagroup.com\/pt-pt\/cristiano-ronaldo-e-dionisio-pestana-abrem-portas-juntos\/\",\"name\":\"CRISTIANO RONALDO E DION\u00cdSIO PESTANA ABREM PORTAS JUNTOS - Grupo Pestana\",\"isPartOf\":{\"@id\":\"https:\/\/www.pestanagroup.com\/pt-pt\/#website\"},\"primaryImageOfPage\":{\"@id\":\"https:\/\/www.pestanagroup.com\/pt-pt\/cristiano-ronaldo-e-dionisio-pestana-abrem-portas-juntos\/#primaryimage\"},\"image\":{\"@id\":\"https:\/\/www.pestanagroup.com\/pt-pt\/cristiano-ronaldo-e-dionisio-pestana-abrem-portas-juntos\/#primaryimage\"},\"thumbnailUrl\":\"https:\/\/www.pestanagroup.com\/wp-content\/uploads\/2017\/07\/pestana-cr7-funchal-opening-636058386783156089.jpg\",\"datePublished\":\"2016-07-22T10:30:13+00:00\",\"dateModified\":\"2023-01-11T13:00:38+00:00\",\"author\":{\"@id\":\"https:\/\/www.pestanagroup.com\/pt-pt\/#\/schema\/person\/6f0b4c8f1089243e3d2fcbce8db8009a\"},\"inLanguage\":\"pt-PT\",\"potentialAction\":[{\"@type\":\"ReadAction\",\"target\":[\"https:\/\/www.pestanagroup.com\/pt-pt\/cristiano-ronaldo-e-dionisio-pestana-abrem-portas-juntos\/\"]}]},{\"@type\":\"ImageObject\",\"inLanguage\":\"pt-PT\",\"@id\":\"https:\/\/www.pestanagroup.com\/pt-pt\/cristiano-ronaldo-e-dionisio-pestana-abrem-portas-juntos\/#primaryimage\",\"url\":\"https:\/\/www.pestanagroup.com\/wp-content\/uploads\/2017\/07\/pestana-cr7-funchal-opening-636058386783156089.jpg\",\"contentUrl\":\"https:\/\/www.pestanagroup.com\/wp-content\/uploads\/2017\/07\/pestana-cr7-funchal-opening-636058386783156089.jpg\",\"width\":375,\"height\":256},{\"@type\":\"WebSite\",\"@id\":\"https:\/\/www.pestanagroup.com\/pt-pt\/#website\",\"url\":\"https:\/\/www.pestanagroup.com\/pt-pt\/\",\"name\":\"Grupo Pestana\",\"description\":\"The Time of Your Life\",\"potentialAction\":[{\"@type\":\"SearchAction\",\"target\":{\"@type\":\"EntryPoint\",\"urlTemplate\":\"https:\/\/www.pestanagroup.com\/pt-pt\/?s={search_term_string}\"},\"query-input\":{\"@type\":\"PropertyValueSpecification\",\"valueRequired\":true,\"valueName\":\"search_term_string\"}}],\"inLanguage\":\"pt-PT\"},{\"@type\":\"Person\",\"@id\":\"https:\/\/www.pestanagroup.com\/pt-pt\/#\/schema\/person\/6f0b4c8f1089243e3d2fcbce8db8009a\",\"name\":\"DigitalPestana\",\"image\":{\"@type\":\"ImageObject\",\"inLanguage\":\"pt-PT\",\"@id\":\"https:\/\/www.pestanagroup.com\/pt-pt\/#\/schema\/person\/image\/\",\"url\":\"https:\/\/secure.gravatar.com\/avatar\/a227aa2f29ffbe05d3231b3b5321ece192f2b350ca7ad77fbdaf3516b912dab5?s=96&d=mm&r=g\",\"contentUrl\":\"https:\/\/secure.gravatar.com\/avatar\/a227aa2f29ffbe05d3231b3b5321ece192f2b350ca7ad77fbdaf3516b912dab5?s=96&d=mm&r=g\",\"caption\":\"DigitalPestana\"},\"url\":\"https:\/\/www.pestanagroup.com\/pt-pt\/author\/digitalpestana\/\"}]}<\/script>\n<!-- \/ Yoast SEO plugin. -->","yoast_head_json":{"title":"CRISTIANO RONALDO E DION\u00cdSIO PESTANA ABREM PORTAS JUNTOS - Grupo Pestana","robots":{"index":"index","follow":"follow","max-snippet":"max-snippet:-1","max-image-preview":"max-image-preview:large","max-video-preview":"max-video-preview:-1"},"canonical":"https:\/\/www.pestanagroup.com\/pt-pt\/cristiano-ronaldo-e-dionisio-pestana-abrem-portas-juntos\/","og_locale":"pt_PT","og_type":"article","og_title":"CRISTIANO RONALDO E DION\u00cdSIO PESTANA ABREM PORTAS JUNTOS - Grupo Pestana","og_description":"22 JUL 2016 Realiza-se hoje a cerim\u00f3nia de inaugura\u00e7\u00e3o oficial do hotel\u00a0Pestana CR7 Funchal, o primeiro hotel que resulta da parceria entre o maior jogador de futebol do mundo e a cadeia de hotelaria multinacional l\u00edder em Portugal. Aberto desde dia 1 de julho, em pleno Euro 2016, o\u00a0Pestana CR7 Funchal\u00a0recebe agora Cristiano Ronaldo e... Ver artigo","og_url":"https:\/\/www.pestanagroup.com\/pt-pt\/cristiano-ronaldo-e-dionisio-pestana-abrem-portas-juntos\/","og_site_name":"Grupo Pestana","article_published_time":"2016-07-22T10:30:13+00:00","article_modified_time":"2023-01-11T13:00:38+00:00","og_image":[{"width":375,"height":256,"url":"https:\/\/www.pestanagroup.com\/wp-content\/uploads\/2017\/07\/pestana-cr7-funchal-opening-636058386783156089.jpg","type":"image\/jpeg"}],"author":"DigitalPestana","twitter_card":"summary_large_image","twitter_misc":{"Escrito por":"DigitalPestana","Tempo estimado de leitura":"4 minutos"},"schema":{"@context":"https:\/\/schema.org","@graph":[{"@type":"WebPage","@id":"https:\/\/www.pestanagroup.com\/pt-pt\/cristiano-ronaldo-e-dionisio-pestana-abrem-portas-juntos\/","url":"https:\/\/www.pestanagroup.com\/pt-pt\/cristiano-ronaldo-e-dionisio-pestana-abrem-portas-juntos\/","name":"CRISTIANO RONALDO E DION\u00cdSIO PESTANA ABREM PORTAS JUNTOS - Grupo Pestana","isPartOf":{"@id":"https:\/\/www.pestanagroup.com\/pt-pt\/#website"},"primaryImageOfPage":{"@id":"https:\/\/www.pestanagroup.com\/pt-pt\/cristiano-ronaldo-e-dionisio-pestana-abrem-portas-juntos\/#primaryimage"},"image":{"@id":"https:\/\/www.pestanagroup.com\/pt-pt\/cristiano-ronaldo-e-dionisio-pestana-abrem-portas-juntos\/#primaryimage"},"thumbnailUrl":"https:\/\/www.pestanagroup.com\/wp-content\/uploads\/2017\/07\/pestana-cr7-funchal-opening-636058386783156089.jpg","datePublished":"2016-07-22T10:30:13+00:00","dateModified":"2023-01-11T13:00:38+00:00","author":{"@id":"https:\/\/www.pestanagroup.com\/pt-pt\/#\/schema\/person\/6f0b4c8f1089243e3d2fcbce8db8009a"},"inLanguage":"pt-PT","potentialAction":[{"@type":"ReadAction","target":["https:\/\/www.pestanagroup.com\/pt-pt\/cristiano-ronaldo-e-dionisio-pestana-abrem-portas-juntos\/"]}]},{"@type":"ImageObject","inLanguage":"pt-PT","@id":"https:\/\/www.pestanagroup.com\/pt-pt\/cristiano-ronaldo-e-dionisio-pestana-abrem-portas-juntos\/#primaryimage","url":"https:\/\/www.pestanagroup.com\/wp-content\/uploads\/2017\/07\/pestana-cr7-funchal-opening-636058386783156089.jpg","contentUrl":"https:\/\/www.pestanagroup.com\/wp-content\/uploads\/2017\/07\/pestana-cr7-funchal-opening-636058386783156089.jpg","width":375,"height":256},{"@type":"WebSite","@id":"https:\/\/www.pestanagroup.com\/pt-pt\/#website","url":"https:\/\/www.pestanagroup.com\/pt-pt\/","name":"Grupo Pestana","description":"The Time of Your Life","potentialAction":[{"@type":"SearchAction","target":{"@type":"EntryPoint","urlTemplate":"https:\/\/www.pestanagroup.com\/pt-pt\/?s={search_term_string}"},"query-input":{"@type":"PropertyValueSpecification","valueRequired":true,"valueName":"search_term_string"}}],"inLanguage":"pt-PT"},{"@type":"Person","@id":"https:\/\/www.pestanagroup.com\/pt-pt\/#\/schema\/person\/6f0b4c8f1089243e3d2fcbce8db8009a","name":"DigitalPestana","image":{"@type":"ImageObject","inLanguage":"pt-PT","@id":"https:\/\/www.pestanagroup.com\/pt-pt\/#\/schema\/person\/image\/","url":"https:\/\/secure.gravatar.com\/avatar\/a227aa2f29ffbe05d3231b3b5321ece192f2b350ca7ad77fbdaf3516b912dab5?s=96&d=mm&r=g","contentUrl":"https:\/\/secure.gravatar.com\/avatar\/a227aa2f29ffbe05d3231b3b5321ece192f2b350ca7ad77fbdaf3516b912dab5?s=96&d=mm&r=g","caption":"DigitalPestana"},"url":"https:\/\/www.pestanagroup.com\/pt-pt\/author\/digitalpestana\/"}]}},"publishpress_future_action":{"enabled":false,"date":"2026-05-05 19:45:52","action":"change-status","newStatus":"draft","terms":[],"taxonomy":"category"},"publishpress_future_workflow_manual_trigger":{"enabledWorkflows":[]},"_links":{"self":[{"href":"https:\/\/www.pestanagroup.com\/pt-pt\/wp-json\/wp\/v2\/posts\/465","targetHints":{"allow":["GET"]}}],"collection":[{"href":"https:\/\/www.pestanagroup.com\/pt-pt\/wp-json\/wp\/v2\/posts"}],"about":[{"href":"https:\/\/www.pestanagroup.com\/pt-pt\/wp-json\/wp\/v2\/types\/post"}],"author":[{"embeddable":true,"href":"https:\/\/www.pestanagroup.com\/pt-pt\/wp-json\/wp\/v2\/users\/33"}],"replies":[{"embeddable":true,"href":"https:\/\/www.pestanagroup.com\/pt-pt\/wp-json\/wp\/v2\/comments?post=465"}],"version-history":[{"count":6,"href":"https:\/\/www.pestanagroup.com\/pt-pt\/wp-json\/wp\/v2\/posts\/465\/revisions"}],"predecessor-version":[{"id":4963,"href":"https:\/\/www.pestanagroup.com\/pt-pt\/wp-json\/wp\/v2\/posts\/465\/revisions\/4963"}],"wp:featuredmedia":[{"embeddable":true,"href":"https:\/\/www.pestanagroup.com\/pt-pt\/wp-json\/wp\/v2\/media\/794"}],"wp:attachment":[{"href":"https:\/\/www.pestanagroup.com\/pt-pt\/wp-json\/wp\/v2\/media?parent=465"}],"wp:term":[{"taxonomy":"category","embeddable":true,"href":"https:\/\/www.pestanagroup.com\/pt-pt\/wp-json\/wp\/v2\/categories?post=465"},{"taxonomy":"post_tag","embeddable":true,"href":"https:\/\/www.pestanagroup.com\/pt-pt\/wp-json\/wp\/v2\/tags?post=465"}],"curies":[{"name":"wp","href":"https:\/\/api.w.org\/{rel}","templated":true}]}}