{"id":463,"date":"2016-08-16T11:29:34","date_gmt":"2016-08-16T10:29:34","guid":{"rendered":"https:\/\/www.pestanagroup.com\/?p=463"},"modified":"2023-01-11T13:00:39","modified_gmt":"2023-01-11T13:00:39","slug":"pestana-cr7-lisboa-abre-portas-16-de-agosto","status":"publish","type":"post","link":"https:\/\/www.pestanagroup.com\/pt-pt\/pestana-cr7-lisboa-abre-portas-16-de-agosto\/","title":{"rendered":"PESTANA CR7 LISBOA ABRE AS PORTAS A 16 DE AGOSTO"},"content":{"rendered":"<div class=\"imagensLaterais\">\n<pre><strong><img loading=\"lazy\" decoding=\"async\" width=\"375\" height=\"256\" class=\"alignnone size-full wp-image-789\" src=\"\/wp-content\/uploads\/2017\/07\/pestana-cr7-lisboa-overview-330-636076328536772907.jpg\" alt=\"\" \/><\/strong><\/pre>\n<\/div>\n<h1>16 AGO 2016<\/h1>\n<p>\u200b<em>\u00c9 agora a vez da capital de Portugal receber uma unidade hoteleira com a marca Pestana CR7. O novo\u00a0<strong>Pestana CR7 Lisboa<\/strong>\u00a0\u00e9 um\u00a0lifestyle\u00a0hotel\u00a0localizado no cora\u00e7\u00e3o da cidade, em plena Baixa, a dois passos do Terreiro do Pa\u00e7o.<\/em><\/p>\n<p><em>Lisboa j\u00e1 tem um hotel Pestana CR7!<\/em><\/p>\n<p>A abertura ao p\u00fablico desta unidade, com um inovador conceito de hotelaria que permite uma experi\u00eancia \u00fanica para os h\u00f3spedes, acontece j\u00e1 no pr\u00f3ximo dia 16 de agosto.<\/p>\n<p><strong>Para os h\u00f3spedes\u2026<br \/>\n<\/strong><\/p>\n<p>O\u00a0<strong>Pestana CR7 Lisboa<\/strong>\u00a0disp\u00f5e de 82 quartos \u2013 dos quais 23 CR Room (standard), 50 CR Superior, 5 CR Superior Corner, 4 CR Superior Rooftop &#8211; e uma su\u00edte CR7. Os quartos t\u00eam uma vista deslumbrante para a Rua da Prata e para a Rua do Com\u00e9rcio ou sobre os magn\u00edficos telhados de Lisboa. A localiza\u00e7\u00e3o privilegiada permite ainda vista para o rio Tejo e Terreiro do Pa\u00e7o. Todos os quartos est\u00e3o equipados com acesso \u00e0 Internet de alta velocidade, carregadores duplos USB para\u00a0<em>smartphones<\/em>\u00a0e\u00a0<em>tablets<\/em>, Televis\u00f5es HD 48&#8221;, Apple TV e Sistema de<em>\u00a0Streaming<\/em>\u00a0para Android, Cabos HDMI, Cofres Digitais, Ar Condicionado, Telefone, Frigo Bar, Secador de cabelo, Tapetes de Yoga, Roup\u00f5es e ainda\u00a0<em>mood lighting<\/em>\u00a0no chuveiro com leds que se iluminam de azul, para a \u00e1gua fria, e de vermelho, para a \u00e1gua quente. A CR7 su\u00edte disponibiliza ainda PS4 e \u00f3culos de realidade virtual a partir de Setembro 2016.<\/p>\n<p>Uma vez feito o\u00a0<em>check-in<\/em>, a experi\u00eancia CR7 come\u00e7a logo no acesso aos quartos. As paredes de fundo dos elevadores s\u00e3o compostas por um\u00a0<em>touch screen<\/em>\u00a0onde se pode ver os principais momentos da vida de Cristiano Ronaldo de forma din\u00e2mica. As escadas est\u00e3o equipadas com sensores que ativam um som envolvente dos adeptos num est\u00e1dio de futebol ao longo do percurso e que pode ser personalizado. No quarto, alguns elementos muito subtilmente ligados ao universo desportivo, destacando-se, no tapete, uma sequ\u00eancia de 7 marcas de chuteiras que replicam as pegadas de um\u00a0<em>sprint<\/em>\u00a0real de Cristiano Ronaldo no relvado.<\/p>\n<p>O hotel est\u00e1 equipado com tecnologia de \u00faltima gera\u00e7\u00e3o, proporcionando um total conforto tecnol\u00f3gico aos h\u00f3spedes, no qual se inclui o acesso r\u00e1pido e gratuito \u00e0 internet, com uma velocidade muito r\u00e1pida de 1GB em wireless, assim como WiFi-to-Go gratuito em todo o pa\u00eds (<em>powered by MEO<\/em>), para que os clientes possam estar sempre ligados com o mundo, dentro ou fora do hotel. No quarto, os h\u00f3spedes ter\u00e3o a oportunidade de facilmente conectarem os seus aparelhos m\u00f3veis \u00e0 televis\u00e3o e aos\u00a0<em>speakers<\/em>\u00a0do quarto com tecnologia\u00a0<em>Bluetooth<\/em>.<\/p>\n<p>At\u00e9 a experi\u00eancia de pequeno-almo\u00e7o \u00e9 inovadora. Em vez do tradicional\u00a0<em>buffet<\/em>, ser\u00e1 servido \u00e0 mesa um conjunto de produtos base que, al\u00e9m do caf\u00e9 e leite e dos sortidos de p\u00e3es, queijo, fiambre e compotas, inclui, entre outras coisas, deliciosos\u00a0<em>muffins, pain au chocolat<\/em>\u00a0e bolo de banana. A esta base de pequeno-almo\u00e7o, os h\u00f3spedes podem acrescentar, sem custo adicional, uma s\u00e9rie de extras, dos quais se destaca o &#8220;<em>parfait<\/em>\u00a0de iogurte com granola&#8221;, &#8220;Omelete de claras de ovo, tomate e espinafres&#8221;, &#8220;Omelete de salsa, cogumelos, queijo magro e tofu&#8221; e &#8220;Panquecas com\u00a0<em>maple syrup<\/em>&#8220;.<\/p>\n<p>Tamb\u00e9m original \u00e9 o conceito de &#8220;Embaixadores Pestana CR7&#8221;, uma equipa devidamente preparada para aconselhar os roteiros para que cada cliente possa ser um verdadeiro nativo e descobrir o melhor de Lisboa. A inova\u00e7\u00e3o passa tamb\u00e9m pela disponibiliza\u00e7\u00e3o de\u00a0<em>work-out tips<\/em>\u00a0e\u00a0<em>jogging tracks<\/em>\u00a0recomendadas pelo Cristiano Ronaldo, atrav\u00e9s da App desenvolvida especialmente para a marca Pestana CR7.<\/p>\n<p>Para poder completar este programa, e como n\u00e3o podia deixar de ser, tendo em conta o conceito Pestana CR7, o hotel tem dispon\u00edvel um bem equipado, gin\u00e1sio onde os nossos clientes podem marcar sess\u00f5es privadas de\u00a0<em>personal training<\/em>com profissionais certificados.<\/p>\n<p><strong>Para todos os global citizens\u2026<\/strong><\/p>\n<p>O\u00a0<strong>CR7 Corner Bar&amp;Bistro<\/strong>\u00a0\u00e9 o s\u00edtio perfeito para quem deseja ter uma experi\u00eancia memor\u00e1vel, em pleno cora\u00e7\u00e3o de Lisboa. Localizado na Rua da Prata 26, o restaurante e lounge contam com um menu feito exclusivamente com produtos de excel\u00eancia e uma inovadora lista de cocktails criados pela Liquid Consulting e feitos pelos melhores mixologistas num ambiente fant\u00e1stico ao som de m\u00fasica escolhida pelo DJ, entre as 7H e a 1H.<\/p>\n<p>A carta, assinada pelo\u00a0<em>Chef<\/em>\u00a0Rui Martins, est\u00e1 organizada por produtos, dispensando a habitual organiza\u00e7\u00e3o de &#8220;entradas&#8221; ou &#8220;pratos&#8221;. A ideia \u00e9 fazer os pedidos numa l\u00f3gica de partilha entre grupos de amigos ou como refei\u00e7\u00e3o com o devido acompanhamento. No fundo, uma carta baseada na gastronomia Portuguesa, mas fugindo ao tradicional e tendo sempre como base produtos de extrema qualidade.<\/p>\n<p>Aos s\u00e1bados e domingos ir\u00e1 ser servido um verdadeiro brunch &#8220;\u00e0 la carte&#8221;, num hor\u00e1rio alargado e sempre acompanhado pela melhor m\u00fasica do DJ.<\/p>\n<p>Seja para comer, dan\u00e7ar, trabalhar, conversar, conhecer pessoas novas ou para um momento de divers\u00e3o, o\u00a0<em>CR7 Corner Bar&amp;Bistro\u00a0<\/em>vai proporcionar um ambiente moderno, minuciosamente decorado e equipado para que se possa disfrutar do espa\u00e7o com o maior conforto.<\/p>\n<p><strong>OS QUARTOS\u2026<\/strong><\/p>\n<p><strong>CR7 SU\u00cdTE<\/strong><\/p>\n<ul>\n<li>Localizado no 6\u00ba Piso<\/li>\n<li>Vista privilegiada sobre a cidade<\/li>\n<li>Playstation 4 com FIFA<\/li>\n<li>\u00d3culos de realidade virtual (dispon\u00edvel a partir de Setembro 2016)<\/li>\n<li><em>Um adult playground no cora\u00e7\u00e3o da cidade.<\/em><\/li>\n<\/ul>\n<p><strong>CR SUPERIOR ROOFTOP<\/strong><\/p>\n<ul>\n<li>Balc\u00e3o (Varanda)<\/li>\n<li>Situados apenas no 6\u00ba Piso<\/li>\n<li>Vista sobre os telhados da Rua do Com\u00e9rcio<\/li>\n<li><em>Terra\u00e7o privativo com vistas \u00fanicas sobre os telhados de Lisboa para a Ponte 25 de Abril num quarto desafogado e exclusivo<\/em><\/li>\n<\/ul>\n<p><strong>CR SUPERIOR CORNER ROOMS<\/strong><\/p>\n<ul>\n<li>Vista sobre Rua do Com\u00e9rcio, Rua da Prata, Terreiro do Pa\u00e7o e Rio Tejo<\/li>\n<li>Balc\u00e3o (Varanda)<\/li>\n<li>Situados do 1\u00ba ao 5\u00ba Piso<\/li>\n<li><em>Vistas incr\u00edveis para o Terreiro do Pa\u00e7o e Rio Tejo e um layout \u00fanico<\/em><\/li>\n<\/ul>\n<p><strong>CR SUPERIOR ROOMS<\/strong><\/p>\n<ul>\n<li>Vista para a Rua do Com\u00e9rcio ou Rua da Prata<\/li>\n<li>(2 pares de quartos comunicantes)<\/li>\n<li>Situados do 1\u00ba ao 5\u00ba Piso<\/li>\n<li><em>Quartos urbanos com vistas \u00fanicas para pr\u00e9dios hist\u00f3ricos da cidade \u2013 full lisbon experience<\/em><\/li>\n<\/ul>\n<p><strong>CR ROOMS<\/strong><\/p>\n<ul>\n<li>Vista para o p\u00e1tio<\/li>\n<li>Situados do 1\u00ba ao 5\u00ba Piso<\/li>\n<li><em>Quartos intimistas e calmos, perfeitos para descansar ap\u00f3s um longo dia<\/em><\/li>\n<\/ul>\n<p><strong><br \/>\nOS SERVI\u00c7OS\u2026<\/strong><\/p>\n<ul>\n<li><strong>CR7 Corner Bar&amp;Bistro<\/strong><\/li>\n<\/ul>\n<p>Pequeno-almo\u00e7o a la carte, com op\u00e7\u00e3o de complementos extra: 7h00 \u00e0s 10h30<\/p>\n<p>Almo\u00e7o: 12h \u00e0s 15h<br \/>\nMid day: 15h \u00e0s 18h<br \/>\nJantar: 18h \u00e0s 23h30<br \/>\nBar: 7h \u00e0 1h<\/p>\n<ul>\n<li><strong>Gin\u00e1sio<\/strong>: 6h \u00e0s 24h \u2013 servi\u00e7os de\u00a0<em>personal trainer on demand<\/em><em>\u00a0\u00a0\u00a0\u00a0\u00a0\u00a0\u00a0\u00a0\u00a0\u00a0<\/em><\/li>\n<li><strong>Massagens<\/strong>\u00a0e\u00a0<strong>Tratamentos de Beleza<\/strong>\u00a0no quarto, by Magic Spa (com marca\u00e7\u00e3o pr\u00e9via)<\/li>\n<li><strong>Passeios em Tuk Tuk<\/strong>\u00a0personalizado Pestana CR7<\/li>\n<li><strong>Servi\u00e7o de Concierge<\/strong>\u00a024h\/dia<strong>\u00a0<\/strong><\/li>\n<\/ul>\n<p><strong><br \/>\nSobre a marca Pestana CR7<\/strong><\/p>\n<p>A marca Pestana CR7 Lifestyle Hotels prev\u00ea a abertura de 4 unidades: Porto do Funchal \u2013aberto desde 1 de julho; Baixa de Lisboa \u2013 com abertura marcada para 16 de agosto; Gran V\u00eda de Madrid e Nova Iorque (perto de Times Square). No total s\u00e3o cerca de 500 quartos, localizados em quatro destinos ic\u00f3nicos e de reconhecida sustentabilidade tur\u00edstica.\u00a0 A marca CR7 \u00e9 a principal fonte de inspira\u00e7\u00e3o para os quatro hot\u00e9is com um conceito\u00a0<em>lifestyle<\/em>. O objetivo \u00e9 a afirma\u00e7\u00e3o destas novas unidades como\u00a0<em>trendsetters<\/em>\u00a0nas suas localiza\u00e7\u00f5es.<\/p>\n<p>No pr\u00f3ximo ano est\u00e1 previsto que Madrid e Nova Iorque se juntem ao Funchal e Lisboa, tornando-se nas quatro primeiras cidades\u00a0<em>Pestana CR7<\/em>.\u00a0 Com estas novas aberturas, o Pestana Hotel Group ultrapassa a fasquia das 90 unidades em 15 pa\u00edses, consolidando a sua estrat\u00e9gia de internacionaliza\u00e7\u00e3o.<\/p>\n<p>A sociedade \u00e9 detida em partes iguais, mas cabe ao Pestana Hotel Group a gest\u00e3o operacional do neg\u00f3cio. O investimento global nas 4 unidades ser\u00e1 de 75 milh\u00f5es de euros.<\/p>\n<p>Com o lan\u00e7amento da marca Pestana CR7, que tem um site espec\u00edfico \u00e0 imagem da nova marca,\u00a0<a title=\"Pestana CR7\" href=\"http:\/\/www.pestanacr7.com\/\">www.pestanacr7.com<\/a>, o portef\u00f3lio do Pestana Hotel Group passa a gerir 4 marcas:\u00a0<em>Pestana Hotels&amp;Resorts<\/em>,\u00a0<em>Pestana Collection Hotels<\/em>,\u00a0<em>Pestana Pousadas de Portugal<\/em>\u00a0e\u00a0<em>Pestana CR7<\/em>.<\/p>\n<p><strong>Conhe\u00e7a j\u00e1\u00a0o novo hotel\u00a0<\/strong><a title=\"Pestana CR7 Lisboa\" href=\"http:\/\/www.pestanacr7.com\/pt\/hotel\/pestana-cr7-lisboa\" target=\"_blank\" rel=\"noopener\"><strong><span style=\"color: #0066cc;\">Pestana CR7 Lisboa<\/span><\/strong><\/a><strong>!<\/strong><\/p>\n","protected":false},"excerpt":{"rendered":"16 AGO 2016 \u200b\u00c9 agora a vez da capital de Portugal receber uma unidade hoteleira com a marca Pestana CR7. O novo\u00a0Pestana CR7 Lisboa\u00a0\u00e9 um\u00a0lifestyle\u00a0hotel\u00a0localizado no cora\u00e7\u00e3o da cidade, em plena Baixa, a dois passos do Terreiro do Pa\u00e7o. Lisboa j\u00e1 tem um hotel Pestana CR7! A abertura ao p\u00fablico desta unidade, com um inovador&#8230; <a class=\"view-article\" href=\"https:\/\/www.pestanagroup.com\/pt-pt\/pestana-cr7-lisboa-abre-portas-16-de-agosto\/\">Ver artigo<\/a>","protected":false},"author":33,"featured_media":789,"comment_status":"open","ping_status":"open","sticky":false,"template":"","format":"standard","meta":{"footnotes":""},"categories":[79],"tags":[],"class_list":["post-463","post","type-post","status-publish","format-standard","has-post-thumbnail","hentry","category-news"],"yoast_head":"<!-- This site is optimized with the Yoast SEO plugin v25.4 - https:\/\/yoast.com\/wordpress\/plugins\/seo\/ -->\n<title>PESTANA CR7 LISBOA ABRE AS PORTAS A 16 DE AGOSTO - Grupo Pestana<\/title>\n<meta name=\"robots\" content=\"index, follow, max-snippet:-1, max-image-preview:large, max-video-preview:-1\" \/>\n<link rel=\"canonical\" href=\"https:\/\/www.pestanagroup.com\/pt-pt\/pestana-cr7-lisboa-abre-portas-16-de-agosto\/\" \/>\n<meta property=\"og:locale\" content=\"pt_PT\" \/>\n<meta property=\"og:type\" content=\"article\" \/>\n<meta property=\"og:title\" content=\"PESTANA CR7 LISBOA ABRE AS PORTAS A 16 DE AGOSTO - Grupo Pestana\" \/>\n<meta property=\"og:description\" content=\"16 AGO 2016 \u200b\u00c9 agora a vez da capital de Portugal receber uma unidade hoteleira com a marca Pestana CR7. O novo\u00a0Pestana CR7 Lisboa\u00a0\u00e9 um\u00a0lifestyle\u00a0hotel\u00a0localizado no cora\u00e7\u00e3o da cidade, em plena Baixa, a dois passos do Terreiro do Pa\u00e7o. Lisboa j\u00e1 tem um hotel Pestana CR7! A abertura ao p\u00fablico desta unidade, com um inovador... Ver artigo\" \/>\n<meta property=\"og:url\" content=\"https:\/\/www.pestanagroup.com\/pt-pt\/pestana-cr7-lisboa-abre-portas-16-de-agosto\/\" \/>\n<meta property=\"og:site_name\" content=\"Grupo Pestana\" \/>\n<meta property=\"article:published_time\" content=\"2016-08-16T10:29:34+00:00\" \/>\n<meta property=\"article:modified_time\" content=\"2023-01-11T13:00:39+00:00\" \/>\n<meta property=\"og:image\" content=\"https:\/\/www.pestanagroup.com\/wp-content\/uploads\/2017\/07\/pestana-cr7-lisboa-overview-330-636076328536772907.jpg\" \/>\n\t<meta property=\"og:image:width\" content=\"375\" \/>\n\t<meta property=\"og:image:height\" content=\"256\" \/>\n\t<meta property=\"og:image:type\" content=\"image\/jpeg\" \/>\n<meta name=\"author\" content=\"DigitalPestana\" \/>\n<meta name=\"twitter:card\" content=\"summary_large_image\" \/>\n<meta name=\"twitter:label1\" content=\"Escrito por\" \/>\n\t<meta name=\"twitter:data1\" content=\"DigitalPestana\" \/>\n\t<meta name=\"twitter:label2\" content=\"Tempo estimado de leitura\" \/>\n\t<meta name=\"twitter:data2\" content=\"7 minutos\" \/>\n<script type=\"application\/ld+json\" class=\"yoast-schema-graph\">{\"@context\":\"https:\/\/schema.org\",\"@graph\":[{\"@type\":\"WebPage\",\"@id\":\"https:\/\/www.pestanagroup.com\/pt-pt\/pestana-cr7-lisboa-abre-portas-16-de-agosto\/\",\"url\":\"https:\/\/www.pestanagroup.com\/pt-pt\/pestana-cr7-lisboa-abre-portas-16-de-agosto\/\",\"name\":\"PESTANA CR7 LISBOA ABRE AS PORTAS A 16 DE AGOSTO - Grupo Pestana\",\"isPartOf\":{\"@id\":\"https:\/\/www.pestanagroup.com\/pt-pt\/#website\"},\"primaryImageOfPage\":{\"@id\":\"https:\/\/www.pestanagroup.com\/pt-pt\/pestana-cr7-lisboa-abre-portas-16-de-agosto\/#primaryimage\"},\"image\":{\"@id\":\"https:\/\/www.pestanagroup.com\/pt-pt\/pestana-cr7-lisboa-abre-portas-16-de-agosto\/#primaryimage\"},\"thumbnailUrl\":\"https:\/\/www.pestanagroup.com\/wp-content\/uploads\/2017\/07\/pestana-cr7-lisboa-overview-330-636076328536772907.jpg\",\"datePublished\":\"2016-08-16T10:29:34+00:00\",\"dateModified\":\"2023-01-11T13:00:39+00:00\",\"author\":{\"@id\":\"https:\/\/www.pestanagroup.com\/pt-pt\/#\/schema\/person\/6f0b4c8f1089243e3d2fcbce8db8009a\"},\"inLanguage\":\"pt-PT\",\"potentialAction\":[{\"@type\":\"ReadAction\",\"target\":[\"https:\/\/www.pestanagroup.com\/pt-pt\/pestana-cr7-lisboa-abre-portas-16-de-agosto\/\"]}]},{\"@type\":\"ImageObject\",\"inLanguage\":\"pt-PT\",\"@id\":\"https:\/\/www.pestanagroup.com\/pt-pt\/pestana-cr7-lisboa-abre-portas-16-de-agosto\/#primaryimage\",\"url\":\"https:\/\/www.pestanagroup.com\/wp-content\/uploads\/2017\/07\/pestana-cr7-lisboa-overview-330-636076328536772907.jpg\",\"contentUrl\":\"https:\/\/www.pestanagroup.com\/wp-content\/uploads\/2017\/07\/pestana-cr7-lisboa-overview-330-636076328536772907.jpg\",\"width\":375,\"height\":256},{\"@type\":\"WebSite\",\"@id\":\"https:\/\/www.pestanagroup.com\/pt-pt\/#website\",\"url\":\"https:\/\/www.pestanagroup.com\/pt-pt\/\",\"name\":\"Grupo Pestana\",\"description\":\"The Time of Your Life\",\"potentialAction\":[{\"@type\":\"SearchAction\",\"target\":{\"@type\":\"EntryPoint\",\"urlTemplate\":\"https:\/\/www.pestanagroup.com\/pt-pt\/?s={search_term_string}\"},\"query-input\":{\"@type\":\"PropertyValueSpecification\",\"valueRequired\":true,\"valueName\":\"search_term_string\"}}],\"inLanguage\":\"pt-PT\"},{\"@type\":\"Person\",\"@id\":\"https:\/\/www.pestanagroup.com\/pt-pt\/#\/schema\/person\/6f0b4c8f1089243e3d2fcbce8db8009a\",\"name\":\"DigitalPestana\",\"image\":{\"@type\":\"ImageObject\",\"inLanguage\":\"pt-PT\",\"@id\":\"https:\/\/www.pestanagroup.com\/pt-pt\/#\/schema\/person\/image\/\",\"url\":\"https:\/\/secure.gravatar.com\/avatar\/a227aa2f29ffbe05d3231b3b5321ece192f2b350ca7ad77fbdaf3516b912dab5?s=96&d=mm&r=g\",\"contentUrl\":\"https:\/\/secure.gravatar.com\/avatar\/a227aa2f29ffbe05d3231b3b5321ece192f2b350ca7ad77fbdaf3516b912dab5?s=96&d=mm&r=g\",\"caption\":\"DigitalPestana\"},\"url\":\"https:\/\/www.pestanagroup.com\/pt-pt\/author\/digitalpestana\/\"}]}<\/script>\n<!-- \/ Yoast SEO plugin. -->","yoast_head_json":{"title":"PESTANA CR7 LISBOA ABRE AS PORTAS A 16 DE AGOSTO - Grupo Pestana","robots":{"index":"index","follow":"follow","max-snippet":"max-snippet:-1","max-image-preview":"max-image-preview:large","max-video-preview":"max-video-preview:-1"},"canonical":"https:\/\/www.pestanagroup.com\/pt-pt\/pestana-cr7-lisboa-abre-portas-16-de-agosto\/","og_locale":"pt_PT","og_type":"article","og_title":"PESTANA CR7 LISBOA ABRE AS PORTAS A 16 DE AGOSTO - Grupo Pestana","og_description":"16 AGO 2016 \u200b\u00c9 agora a vez da capital de Portugal receber uma unidade hoteleira com a marca Pestana CR7. O novo\u00a0Pestana CR7 Lisboa\u00a0\u00e9 um\u00a0lifestyle\u00a0hotel\u00a0localizado no cora\u00e7\u00e3o da cidade, em plena Baixa, a dois passos do Terreiro do Pa\u00e7o. Lisboa j\u00e1 tem um hotel Pestana CR7! A abertura ao p\u00fablico desta unidade, com um inovador... Ver artigo","og_url":"https:\/\/www.pestanagroup.com\/pt-pt\/pestana-cr7-lisboa-abre-portas-16-de-agosto\/","og_site_name":"Grupo Pestana","article_published_time":"2016-08-16T10:29:34+00:00","article_modified_time":"2023-01-11T13:00:39+00:00","og_image":[{"width":375,"height":256,"url":"https:\/\/www.pestanagroup.com\/wp-content\/uploads\/2017\/07\/pestana-cr7-lisboa-overview-330-636076328536772907.jpg","type":"image\/jpeg"}],"author":"DigitalPestana","twitter_card":"summary_large_image","twitter_misc":{"Escrito por":"DigitalPestana","Tempo estimado de leitura":"7 minutos"},"schema":{"@context":"https:\/\/schema.org","@graph":[{"@type":"WebPage","@id":"https:\/\/www.pestanagroup.com\/pt-pt\/pestana-cr7-lisboa-abre-portas-16-de-agosto\/","url":"https:\/\/www.pestanagroup.com\/pt-pt\/pestana-cr7-lisboa-abre-portas-16-de-agosto\/","name":"PESTANA CR7 LISBOA ABRE AS PORTAS A 16 DE AGOSTO - Grupo Pestana","isPartOf":{"@id":"https:\/\/www.pestanagroup.com\/pt-pt\/#website"},"primaryImageOfPage":{"@id":"https:\/\/www.pestanagroup.com\/pt-pt\/pestana-cr7-lisboa-abre-portas-16-de-agosto\/#primaryimage"},"image":{"@id":"https:\/\/www.pestanagroup.com\/pt-pt\/pestana-cr7-lisboa-abre-portas-16-de-agosto\/#primaryimage"},"thumbnailUrl":"https:\/\/www.pestanagroup.com\/wp-content\/uploads\/2017\/07\/pestana-cr7-lisboa-overview-330-636076328536772907.jpg","datePublished":"2016-08-16T10:29:34+00:00","dateModified":"2023-01-11T13:00:39+00:00","author":{"@id":"https:\/\/www.pestanagroup.com\/pt-pt\/#\/schema\/person\/6f0b4c8f1089243e3d2fcbce8db8009a"},"inLanguage":"pt-PT","potentialAction":[{"@type":"ReadAction","target":["https:\/\/www.pestanagroup.com\/pt-pt\/pestana-cr7-lisboa-abre-portas-16-de-agosto\/"]}]},{"@type":"ImageObject","inLanguage":"pt-PT","@id":"https:\/\/www.pestanagroup.com\/pt-pt\/pestana-cr7-lisboa-abre-portas-16-de-agosto\/#primaryimage","url":"https:\/\/www.pestanagroup.com\/wp-content\/uploads\/2017\/07\/pestana-cr7-lisboa-overview-330-636076328536772907.jpg","contentUrl":"https:\/\/www.pestanagroup.com\/wp-content\/uploads\/2017\/07\/pestana-cr7-lisboa-overview-330-636076328536772907.jpg","width":375,"height":256},{"@type":"WebSite","@id":"https:\/\/www.pestanagroup.com\/pt-pt\/#website","url":"https:\/\/www.pestanagroup.com\/pt-pt\/","name":"Grupo Pestana","description":"The Time of Your Life","potentialAction":[{"@type":"SearchAction","target":{"@type":"EntryPoint","urlTemplate":"https:\/\/www.pestanagroup.com\/pt-pt\/?s={search_term_string}"},"query-input":{"@type":"PropertyValueSpecification","valueRequired":true,"valueName":"search_term_string"}}],"inLanguage":"pt-PT"},{"@type":"Person","@id":"https:\/\/www.pestanagroup.com\/pt-pt\/#\/schema\/person\/6f0b4c8f1089243e3d2fcbce8db8009a","name":"DigitalPestana","image":{"@type":"ImageObject","inLanguage":"pt-PT","@id":"https:\/\/www.pestanagroup.com\/pt-pt\/#\/schema\/person\/image\/","url":"https:\/\/secure.gravatar.com\/avatar\/a227aa2f29ffbe05d3231b3b5321ece192f2b350ca7ad77fbdaf3516b912dab5?s=96&d=mm&r=g","contentUrl":"https:\/\/secure.gravatar.com\/avatar\/a227aa2f29ffbe05d3231b3b5321ece192f2b350ca7ad77fbdaf3516b912dab5?s=96&d=mm&r=g","caption":"DigitalPestana"},"url":"https:\/\/www.pestanagroup.com\/pt-pt\/author\/digitalpestana\/"}]}},"publishpress_future_action":{"enabled":false,"date":"2026-05-06 14:57:24","action":"change-status","newStatus":"draft","terms":[],"taxonomy":"category"},"publishpress_future_workflow_manual_trigger":{"enabledWorkflows":[]},"_links":{"self":[{"href":"https:\/\/www.pestanagroup.com\/pt-pt\/wp-json\/wp\/v2\/posts\/463","targetHints":{"allow":["GET"]}}],"collection":[{"href":"https:\/\/www.pestanagroup.com\/pt-pt\/wp-json\/wp\/v2\/posts"}],"about":[{"href":"https:\/\/www.pestanagroup.com\/pt-pt\/wp-json\/wp\/v2\/types\/post"}],"author":[{"embeddable":true,"href":"https:\/\/www.pestanagroup.com\/pt-pt\/wp-json\/wp\/v2\/users\/33"}],"replies":[{"embeddable":true,"href":"https:\/\/www.pestanagroup.com\/pt-pt\/wp-json\/wp\/v2\/comments?post=463"}],"version-history":[{"count":8,"href":"https:\/\/www.pestanagroup.com\/pt-pt\/wp-json\/wp\/v2\/posts\/463\/revisions"}],"predecessor-version":[{"id":4965,"href":"https:\/\/www.pestanagroup.com\/pt-pt\/wp-json\/wp\/v2\/posts\/463\/revisions\/4965"}],"wp:featuredmedia":[{"embeddable":true,"href":"https:\/\/www.pestanagroup.com\/pt-pt\/wp-json\/wp\/v2\/media\/789"}],"wp:attachment":[{"href":"https:\/\/www.pestanagroup.com\/pt-pt\/wp-json\/wp\/v2\/media?parent=463"}],"wp:term":[{"taxonomy":"category","embeddable":true,"href":"https:\/\/www.pestanagroup.com\/pt-pt\/wp-json\/wp\/v2\/categories?post=463"},{"taxonomy":"post_tag","embeddable":true,"href":"https:\/\/www.pestanagroup.com\/pt-pt\/wp-json\/wp\/v2\/tags?post=463"}],"curies":[{"name":"wp","href":"https:\/\/api.w.org\/{rel}","templated":true}]}}