{"id":2890,"date":"2019-11-08T14:14:52","date_gmt":"2019-11-08T14:14:52","guid":{"rendered":"https:\/\/www.pestanagroup.com\/?p=2890"},"modified":"2023-01-11T13:01:21","modified_gmt":"2023-01-11T13:01:21","slug":"pestana-plaza-mayor-madrid-e-o-melhor-da-europa","status":"publish","type":"post","link":"https:\/\/www.pestanagroup.com\/pt-pt\/pestana-plaza-mayor-madrid-e-o-melhor-da-europa\/","title":{"rendered":"Pestana Plaza Mayor Madrid \u00e9 o melhor da Europa"},"content":{"rendered":"<p>O Pestana Plaza Mayor Madrid acaba de ser reconhecido como o Melhor Novo Boutique Hotel da Europa, uma distin\u00e7\u00e3o atribu\u00edda pelos Boutique Hotel Awards 2019, numa cerim\u00f3nia que decorreu ontem em Londres.<\/p>\n<p>&nbsp;<\/p>\n<p>A localiza\u00e7\u00e3o \u00fanica no centro hist\u00f3rico de Madrid, o design cuidado e a aten\u00e7\u00e3o ao detalhe na decora\u00e7\u00e3o do espa\u00e7o, o respeito pela hist\u00f3ria do local e o projeto de reconvers\u00e3o arquitet\u00f3nica dos dois edif\u00edcios que comp\u00f5em a unidade, conquistaram o j\u00fari internacional.<\/p>\n<p>&nbsp;<\/p>\n<p>O Pestana Plaza Mayor Madrid \u00e9 o primeiro hotel do Grupo na capital espanhola e integra a marca Pestana Collection, a mais exclusiva do Grupo. Conta com 89 quartos e suites, dos quais quase metade se abrem em varandas sobre a m\u00edtica pra\u00e7a madrilena, que apresentam um design elegante e contempor\u00e2neo, com elementos decorativos de tra\u00e7o imperial conjugados com coloridas pe\u00e7as inspiradas nos pintores expressionistas, padr\u00f5es e cores da Pra\u00e7a e de Madrid.<\/p>\n<p>&nbsp;<\/p>\n<p>Nos Boutique Hotel Awards, o hotel do Pestana Hotel Group destacou-se entre mais de 300 hot\u00e9is nomeados, de 80 pa\u00edses. Os participantes s\u00e3o selecionados por um grupo de especialistas da ind\u00fastria e da imprensa especializada, que visitam pessoalmente todas as unidades para depois reconhecer aqueles que se distinguem pela excel\u00eancia.<\/p>\n<p>&nbsp;<\/p>\n<p>Para Jos\u00e9 Theot\u00f3nio, CEO do Pestana Hotel Group, \u201ceste pr\u00e9mio \u00e9 o reconhecimento do setor pelo esfor\u00e7o e dedica\u00e7\u00e3o do Pestana Hotel Group na recupera\u00e7\u00e3o do patrim\u00f3nio hist\u00f3rico, na hotelaria europeia. O Pestana Plaza Mayor Madrid \u00e9 o exemplo mais recente desta continuada aposta na qualidade e singularidade, que tem permitido ao Grupo\u00a0 afirmar-se nos mais competitivos destinos tur\u00edsticos do mundo.\u201d<\/p>\n<p>&nbsp;<\/p>\n<p>Desde a sua inaugura\u00e7\u00e3o, em maio deste ano, o Pestana Plaza Mayor Madrid tem vindo a somar distin\u00e7\u00f5es. \u00c9 o \u00fanico hotel de Espanha indicado para o prestigiado International Hospitality Awards, nas categorias de Melhor Hotel Hist\u00f3rico e Melhor Design Hotel, e est\u00e1 tamb\u00e9m nomeado para os pr\u00e9mios de arquitetura A+, na categoria de Design de Interiores e Comercial, os pr\u00e9mios Re-Think Hotel como Melhor Projeto de Sustentabilidade e Reabilita\u00e7\u00e3o de Hot\u00e9is, e o HORECA New Business Models Awards, na categoria Design &amp; Experience.<\/p>\n<p>&nbsp;<\/p>\n<p><strong>Sobre o Pestana Hotel Group:<\/strong><\/p>\n<p>Com um percurso de mais de mais quatro d\u00e9cadas de sucesso, o Grupo tem 99 hot\u00e9is em Portugal e no estrangeiro, onde se dedica a proporcionar aos seus h\u00f3spedes \u2018The Time Of Your Life\u2019.<\/p>\n<p>Na hotelaria, o seu principal neg\u00f3cio, opera com quatro marcas: Pestana Hotels &amp; Resorts, Pestana Collection Hotels, Pestana Pousadas de Portugal e Pestana CR7 Lifestyle Hotels. Presente em 15 pa\u00edses, tem mais de 11.500 quartos dispon\u00edveis na Europa, \u00c1frica e Am\u00e9rica e uma equipa global de sete mil colaboradores, sendo o maior grupo hoteleiro multinacional de origem portuguesa. Com o objetivo de oferecer produtos completos e mais atrativos, o Grupo opera ainda em outas \u00e1reas de neg\u00f3cio: hotelaria, imobili\u00e1rio tur\u00edstico, turismo vacacional, golfe, casinos, ind\u00fastria e servi\u00e7os.<\/p>\n<p>Fechou 2018 com um volume de neg\u00f3cios consolidado de 434,2 ME, um EBITDA de 150,6 ME e um volume de investimento de 100 milh\u00f5es de euros.<\/p>\n<p>&nbsp;<\/p>\n<p>Entre no universo Pestana e saiba mais em <a href=\"http:\/\/www.pestana.com\">www.pestana.com<\/a><\/p>\n","protected":false},"excerpt":{"rendered":"O Pestana Plaza Mayor Madrid acaba de ser reconhecido como o Melhor Novo Boutique Hotel da Europa, uma distin\u00e7\u00e3o atribu\u00edda pelos Boutique Hotel Awards 2019, numa cerim\u00f3nia que decorreu ontem em Londres. &nbsp; A localiza\u00e7\u00e3o \u00fanica no centro hist\u00f3rico de Madrid, o design cuidado e a aten\u00e7\u00e3o ao detalhe na decora\u00e7\u00e3o do espa\u00e7o, o respeito&#8230; <a class=\"view-article\" href=\"https:\/\/www.pestanagroup.com\/pt-pt\/pestana-plaza-mayor-madrid-e-o-melhor-da-europa\/\">Ver artigo<\/a>","protected":false},"author":33,"featured_media":2892,"comment_status":"open","ping_status":"open","sticky":false,"template":"","format":"standard","meta":{"footnotes":""},"categories":[87],"tags":[],"class_list":["post-2890","post","type-post","status-publish","format-standard","has-post-thumbnail","hentry","category-press-release-media"],"yoast_head":"<!-- This site is optimized with the Yoast SEO plugin v25.4 - https:\/\/yoast.com\/wordpress\/plugins\/seo\/ -->\n<title>Pestana Plaza Mayor Madrid \u00e9 o melhor da Europa - Grupo Pestana<\/title>\n<meta name=\"robots\" content=\"index, follow, max-snippet:-1, max-image-preview:large, max-video-preview:-1\" \/>\n<link rel=\"canonical\" href=\"https:\/\/www.pestanagroup.com\/pt-pt\/pestana-plaza-mayor-madrid-e-o-melhor-da-europa\/\" \/>\n<meta property=\"og:locale\" content=\"pt_PT\" \/>\n<meta property=\"og:type\" content=\"article\" \/>\n<meta property=\"og:title\" content=\"Pestana Plaza Mayor Madrid \u00e9 o melhor da Europa - Grupo Pestana\" \/>\n<meta property=\"og:description\" content=\"O Pestana Plaza Mayor Madrid acaba de ser reconhecido como o Melhor Novo Boutique Hotel da Europa, uma distin\u00e7\u00e3o atribu\u00edda pelos Boutique Hotel Awards 2019, numa cerim\u00f3nia que decorreu ontem em Londres. &nbsp; A localiza\u00e7\u00e3o \u00fanica no centro hist\u00f3rico de Madrid, o design cuidado e a aten\u00e7\u00e3o ao detalhe na decora\u00e7\u00e3o do espa\u00e7o, o respeito... Ver artigo\" \/>\n<meta property=\"og:url\" content=\"https:\/\/www.pestanagroup.com\/pt-pt\/pestana-plaza-mayor-madrid-e-o-melhor-da-europa\/\" \/>\n<meta property=\"og:site_name\" content=\"Grupo Pestana\" \/>\n<meta property=\"article:published_time\" content=\"2019-11-08T14:14:52+00:00\" \/>\n<meta property=\"article:modified_time\" content=\"2023-01-11T13:01:21+00:00\" \/>\n<meta property=\"og:image\" content=\"https:\/\/www.pestanagroup.com\/wp-content\/uploads\/2019\/11\/plaza-mayor-overview5.jpg\" \/>\n\t<meta property=\"og:image:width\" content=\"1900\" \/>\n\t<meta property=\"og:image:height\" content=\"1122\" \/>\n\t<meta property=\"og:image:type\" content=\"image\/jpeg\" \/>\n<meta name=\"author\" content=\"DigitalPestana\" \/>\n<meta name=\"twitter:card\" content=\"summary_large_image\" \/>\n<meta name=\"twitter:label1\" content=\"Escrito por\" \/>\n\t<meta name=\"twitter:data1\" content=\"DigitalPestana\" \/>\n\t<meta name=\"twitter:label2\" content=\"Tempo estimado de leitura\" \/>\n\t<meta name=\"twitter:data2\" content=\"3 minutos\" \/>\n<script type=\"application\/ld+json\" class=\"yoast-schema-graph\">{\"@context\":\"https:\/\/schema.org\",\"@graph\":[{\"@type\":\"WebPage\",\"@id\":\"https:\/\/www.pestanagroup.com\/pt-pt\/pestana-plaza-mayor-madrid-e-o-melhor-da-europa\/\",\"url\":\"https:\/\/www.pestanagroup.com\/pt-pt\/pestana-plaza-mayor-madrid-e-o-melhor-da-europa\/\",\"name\":\"Pestana Plaza Mayor Madrid \u00e9 o melhor da Europa - Grupo Pestana\",\"isPartOf\":{\"@id\":\"https:\/\/www.pestanagroup.com\/pt-pt\/#website\"},\"primaryImageOfPage\":{\"@id\":\"https:\/\/www.pestanagroup.com\/pt-pt\/pestana-plaza-mayor-madrid-e-o-melhor-da-europa\/#primaryimage\"},\"image\":{\"@id\":\"https:\/\/www.pestanagroup.com\/pt-pt\/pestana-plaza-mayor-madrid-e-o-melhor-da-europa\/#primaryimage\"},\"thumbnailUrl\":\"https:\/\/www.pestanagroup.com\/wp-content\/uploads\/2019\/11\/plaza-mayor-overview5.jpg\",\"datePublished\":\"2019-11-08T14:14:52+00:00\",\"dateModified\":\"2023-01-11T13:01:21+00:00\",\"author\":{\"@id\":\"https:\/\/www.pestanagroup.com\/pt-pt\/#\/schema\/person\/6f0b4c8f1089243e3d2fcbce8db8009a\"},\"inLanguage\":\"pt-PT\",\"potentialAction\":[{\"@type\":\"ReadAction\",\"target\":[\"https:\/\/www.pestanagroup.com\/pt-pt\/pestana-plaza-mayor-madrid-e-o-melhor-da-europa\/\"]}]},{\"@type\":\"ImageObject\",\"inLanguage\":\"pt-PT\",\"@id\":\"https:\/\/www.pestanagroup.com\/pt-pt\/pestana-plaza-mayor-madrid-e-o-melhor-da-europa\/#primaryimage\",\"url\":\"https:\/\/www.pestanagroup.com\/wp-content\/uploads\/2019\/11\/plaza-mayor-overview5.jpg\",\"contentUrl\":\"https:\/\/www.pestanagroup.com\/wp-content\/uploads\/2019\/11\/plaza-mayor-overview5.jpg\",\"width\":1900,\"height\":1122},{\"@type\":\"WebSite\",\"@id\":\"https:\/\/www.pestanagroup.com\/pt-pt\/#website\",\"url\":\"https:\/\/www.pestanagroup.com\/pt-pt\/\",\"name\":\"Grupo Pestana\",\"description\":\"The Time of Your Life\",\"potentialAction\":[{\"@type\":\"SearchAction\",\"target\":{\"@type\":\"EntryPoint\",\"urlTemplate\":\"https:\/\/www.pestanagroup.com\/pt-pt\/?s={search_term_string}\"},\"query-input\":{\"@type\":\"PropertyValueSpecification\",\"valueRequired\":true,\"valueName\":\"search_term_string\"}}],\"inLanguage\":\"pt-PT\"},{\"@type\":\"Person\",\"@id\":\"https:\/\/www.pestanagroup.com\/pt-pt\/#\/schema\/person\/6f0b4c8f1089243e3d2fcbce8db8009a\",\"name\":\"DigitalPestana\",\"image\":{\"@type\":\"ImageObject\",\"inLanguage\":\"pt-PT\",\"@id\":\"https:\/\/www.pestanagroup.com\/pt-pt\/#\/schema\/person\/image\/\",\"url\":\"https:\/\/secure.gravatar.com\/avatar\/a227aa2f29ffbe05d3231b3b5321ece192f2b350ca7ad77fbdaf3516b912dab5?s=96&d=mm&r=g\",\"contentUrl\":\"https:\/\/secure.gravatar.com\/avatar\/a227aa2f29ffbe05d3231b3b5321ece192f2b350ca7ad77fbdaf3516b912dab5?s=96&d=mm&r=g\",\"caption\":\"DigitalPestana\"},\"url\":\"https:\/\/www.pestanagroup.com\/pt-pt\/author\/digitalpestana\/\"}]}<\/script>\n<!-- \/ Yoast SEO plugin. -->","yoast_head_json":{"title":"Pestana Plaza Mayor Madrid \u00e9 o melhor da Europa - Grupo Pestana","robots":{"index":"index","follow":"follow","max-snippet":"max-snippet:-1","max-image-preview":"max-image-preview:large","max-video-preview":"max-video-preview:-1"},"canonical":"https:\/\/www.pestanagroup.com\/pt-pt\/pestana-plaza-mayor-madrid-e-o-melhor-da-europa\/","og_locale":"pt_PT","og_type":"article","og_title":"Pestana Plaza Mayor Madrid \u00e9 o melhor da Europa - Grupo Pestana","og_description":"O Pestana Plaza Mayor Madrid acaba de ser reconhecido como o Melhor Novo Boutique Hotel da Europa, uma distin\u00e7\u00e3o atribu\u00edda pelos Boutique Hotel Awards 2019, numa cerim\u00f3nia que decorreu ontem em Londres. &nbsp; A localiza\u00e7\u00e3o \u00fanica no centro hist\u00f3rico de Madrid, o design cuidado e a aten\u00e7\u00e3o ao detalhe na decora\u00e7\u00e3o do espa\u00e7o, o respeito... Ver artigo","og_url":"https:\/\/www.pestanagroup.com\/pt-pt\/pestana-plaza-mayor-madrid-e-o-melhor-da-europa\/","og_site_name":"Grupo Pestana","article_published_time":"2019-11-08T14:14:52+00:00","article_modified_time":"2023-01-11T13:01:21+00:00","og_image":[{"width":1900,"height":1122,"url":"https:\/\/www.pestanagroup.com\/wp-content\/uploads\/2019\/11\/plaza-mayor-overview5.jpg","type":"image\/jpeg"}],"author":"DigitalPestana","twitter_card":"summary_large_image","twitter_misc":{"Escrito por":"DigitalPestana","Tempo estimado de leitura":"3 minutos"},"schema":{"@context":"https:\/\/schema.org","@graph":[{"@type":"WebPage","@id":"https:\/\/www.pestanagroup.com\/pt-pt\/pestana-plaza-mayor-madrid-e-o-melhor-da-europa\/","url":"https:\/\/www.pestanagroup.com\/pt-pt\/pestana-plaza-mayor-madrid-e-o-melhor-da-europa\/","name":"Pestana Plaza Mayor Madrid \u00e9 o melhor da Europa - Grupo Pestana","isPartOf":{"@id":"https:\/\/www.pestanagroup.com\/pt-pt\/#website"},"primaryImageOfPage":{"@id":"https:\/\/www.pestanagroup.com\/pt-pt\/pestana-plaza-mayor-madrid-e-o-melhor-da-europa\/#primaryimage"},"image":{"@id":"https:\/\/www.pestanagroup.com\/pt-pt\/pestana-plaza-mayor-madrid-e-o-melhor-da-europa\/#primaryimage"},"thumbnailUrl":"https:\/\/www.pestanagroup.com\/wp-content\/uploads\/2019\/11\/plaza-mayor-overview5.jpg","datePublished":"2019-11-08T14:14:52+00:00","dateModified":"2023-01-11T13:01:21+00:00","author":{"@id":"https:\/\/www.pestanagroup.com\/pt-pt\/#\/schema\/person\/6f0b4c8f1089243e3d2fcbce8db8009a"},"inLanguage":"pt-PT","potentialAction":[{"@type":"ReadAction","target":["https:\/\/www.pestanagroup.com\/pt-pt\/pestana-plaza-mayor-madrid-e-o-melhor-da-europa\/"]}]},{"@type":"ImageObject","inLanguage":"pt-PT","@id":"https:\/\/www.pestanagroup.com\/pt-pt\/pestana-plaza-mayor-madrid-e-o-melhor-da-europa\/#primaryimage","url":"https:\/\/www.pestanagroup.com\/wp-content\/uploads\/2019\/11\/plaza-mayor-overview5.jpg","contentUrl":"https:\/\/www.pestanagroup.com\/wp-content\/uploads\/2019\/11\/plaza-mayor-overview5.jpg","width":1900,"height":1122},{"@type":"WebSite","@id":"https:\/\/www.pestanagroup.com\/pt-pt\/#website","url":"https:\/\/www.pestanagroup.com\/pt-pt\/","name":"Grupo Pestana","description":"The Time of Your Life","potentialAction":[{"@type":"SearchAction","target":{"@type":"EntryPoint","urlTemplate":"https:\/\/www.pestanagroup.com\/pt-pt\/?s={search_term_string}"},"query-input":{"@type":"PropertyValueSpecification","valueRequired":true,"valueName":"search_term_string"}}],"inLanguage":"pt-PT"},{"@type":"Person","@id":"https:\/\/www.pestanagroup.com\/pt-pt\/#\/schema\/person\/6f0b4c8f1089243e3d2fcbce8db8009a","name":"DigitalPestana","image":{"@type":"ImageObject","inLanguage":"pt-PT","@id":"https:\/\/www.pestanagroup.com\/pt-pt\/#\/schema\/person\/image\/","url":"https:\/\/secure.gravatar.com\/avatar\/a227aa2f29ffbe05d3231b3b5321ece192f2b350ca7ad77fbdaf3516b912dab5?s=96&d=mm&r=g","contentUrl":"https:\/\/secure.gravatar.com\/avatar\/a227aa2f29ffbe05d3231b3b5321ece192f2b350ca7ad77fbdaf3516b912dab5?s=96&d=mm&r=g","caption":"DigitalPestana"},"url":"https:\/\/www.pestanagroup.com\/pt-pt\/author\/digitalpestana\/"}]}},"publishpress_future_action":{"enabled":false,"date":"2026-05-08 19:33:26","action":"change-status","newStatus":"draft","terms":[],"taxonomy":"category"},"publishpress_future_workflow_manual_trigger":{"enabledWorkflows":[]},"_links":{"self":[{"href":"https:\/\/www.pestanagroup.com\/pt-pt\/wp-json\/wp\/v2\/posts\/2890","targetHints":{"allow":["GET"]}}],"collection":[{"href":"https:\/\/www.pestanagroup.com\/pt-pt\/wp-json\/wp\/v2\/posts"}],"about":[{"href":"https:\/\/www.pestanagroup.com\/pt-pt\/wp-json\/wp\/v2\/types\/post"}],"author":[{"embeddable":true,"href":"https:\/\/www.pestanagroup.com\/pt-pt\/wp-json\/wp\/v2\/users\/33"}],"replies":[{"embeddable":true,"href":"https:\/\/www.pestanagroup.com\/pt-pt\/wp-json\/wp\/v2\/comments?post=2890"}],"version-history":[{"count":2,"href":"https:\/\/www.pestanagroup.com\/pt-pt\/wp-json\/wp\/v2\/posts\/2890\/revisions"}],"predecessor-version":[{"id":5067,"href":"https:\/\/www.pestanagroup.com\/pt-pt\/wp-json\/wp\/v2\/posts\/2890\/revisions\/5067"}],"wp:featuredmedia":[{"embeddable":true,"href":"https:\/\/www.pestanagroup.com\/pt-pt\/wp-json\/wp\/v2\/media\/2892"}],"wp:attachment":[{"href":"https:\/\/www.pestanagroup.com\/pt-pt\/wp-json\/wp\/v2\/media?parent=2890"}],"wp:term":[{"taxonomy":"category","embeddable":true,"href":"https:\/\/www.pestanagroup.com\/pt-pt\/wp-json\/wp\/v2\/categories?post=2890"},{"taxonomy":"post_tag","embeddable":true,"href":"https:\/\/www.pestanagroup.com\/pt-pt\/wp-json\/wp\/v2\/tags?post=2890"}],"curies":[{"name":"wp","href":"https:\/\/api.w.org\/{rel}","templated":true}]}}