{"id":2634,"date":"2019-06-04T13:09:54","date_gmt":"2019-06-04T12:09:54","guid":{"rendered":"https:\/\/www.pestanagroup.com\/?p=2634"},"modified":"2023-01-11T13:01:13","modified_gmt":"2023-01-11T13:01:13","slug":"pestana-hotel-group-reune-colaboradores-em-acao-de-voluntariado-global","status":"publish","type":"post","link":"https:\/\/www.pestanagroup.com\/pt-pt\/pestana-hotel-group-reune-colaboradores-em-acao-de-voluntariado-global\/","title":{"rendered":"Pestana Hotel Group re\u00fane colaboradores em a\u00e7\u00e3o de voluntariado global"},"content":{"rendered":"<p><strong>\u201cSomos apenas H\u00f3spedes do Planeta\u201d<\/strong><\/p>\n<p>Contribuir para um planeta mais sustent\u00e1vel para as gera\u00e7\u00f5es futuras \u00e9 o objectivo do Pestana Hotel Group que, para assinalar o Dia do Ambiente (5 de junho), lan\u00e7a a 1\u00aa edi\u00e7\u00e3o mundial do Dia do Voluntariado Pestana, nos 15 pa\u00edses onde est\u00e1 presente. Com in\u00edcio j\u00e1 este s\u00e1bado, o programa tem um cariz maioritariamente ambiental e prolonga-se ao longo das pr\u00f3ximas duas semanas, consoante a geografia.<\/p>\n<p>&nbsp;<\/p>\n<p>Em Portugal, a a\u00e7\u00e3o centra-se em a\u00e7\u00f5es de limpeza em praias, serras e matas, em Lisboa, Porto, Madeira, A\u00e7ores e Algarve, na manh\u00e3 do dia 1 de junho. Por ser um s\u00e1bado, os colaboradores convidam tamb\u00e9m as suas fam\u00edlias a participar, partilhando assim os valores de sustentabilidade do Pestana Hotel Group.<\/p>\n<p>&nbsp;<\/p>\n<p>Tamb\u00e9m neste dia, mas em Cabo Verde, a a\u00e7\u00e3o foca-se na Aldeia SOS de Santiago e em proporcionar um dia inesquec\u00edvel \u00e0s crian\u00e7as desta institui\u00e7\u00e3o. J\u00e1 em Mo\u00e7ambique, os esfor\u00e7os unem-se para doar bens de primeira necessidade \u00e0s v\u00edtimas do ciclone Idai. Em S. Tom\u00e9 e Pr\u00edncipe, cerca de 500 crian\u00e7as das escolas de Porto Alegre e de Monte M\u00e1rio t\u00eam agendado um dia repleto de atividades e anima\u00e7\u00e3o. Na \u00c1frica do Sul, as a\u00e7\u00f5es de voluntariado prolongam-se por toda a semana, at\u00e9 6 de junho, enquadradas na Child Protection Week.<\/p>\n<p>&nbsp;<\/p>\n<p>Do outro lado do oceano, no Rio de Janeiro, S\u00e3o Paulo, Curitiba e Salvador (Brasil), os volunt\u00e1rios Pestana e respetivas fam\u00edlias v\u00e3o unir-se em a\u00e7\u00f5es de limpeza de praias. Em Miami, al\u00e9m da a\u00e7\u00e3o ambiental, haver\u00e1 uma coleta de roupas e brinquedos destinados \u00e0 ONG local Goodwill.<\/p>\n<p>&nbsp;<\/p>\n<p>Em Berlim, a a\u00e7\u00e3o realiza-se no dia 16, e mobiliza as colaboradoras femininas a participar na \u201cSchauinsland Muddy Angel\u201c, a maior corrida de obst\u00e1culos feminina da Europa que tem como objetivo a angaria\u00e7\u00e3o de fundos para a luta conta o cancro da mama.<\/p>\n<p>&nbsp;<\/p>\n<p>O Dia do Voluntariado Pestana, que continuar\u00e1 nos pr\u00f3ximos anos, realiza-se no \u00e2mbito do programa Planet Guest \u2013 Somos Apenas H\u00f3spedes do Planeta, que incorpora as iniciativas que promovem a sustentabilidade do PHG e transmite a posi\u00e7\u00e3o do grupo. Tem como objetivo criar valor no longo prazo para a empresa, desenvolvendo a sua atividade com respeito pelo meio ambiente, comunidades locais, colaboradores, clientes e todos os stakeholders relevantes no exerc\u00edcio da sua atividade.<\/p>\n<p>&nbsp;<\/p>\n","protected":false},"excerpt":{"rendered":"\u201cSomos apenas H\u00f3spedes do Planeta\u201d Contribuir para um planeta mais sustent\u00e1vel para as gera\u00e7\u00f5es futuras \u00e9 o objectivo do Pestana Hotel Group que, para assinalar o Dia do Ambiente (5 de junho), lan\u00e7a a 1\u00aa edi\u00e7\u00e3o mundial do Dia do Voluntariado Pestana, nos 15 pa\u00edses onde est\u00e1 presente. Com in\u00edcio j\u00e1 este s\u00e1bado, o programa&#8230; <a class=\"view-article\" href=\"https:\/\/www.pestanagroup.com\/pt-pt\/pestana-hotel-group-reune-colaboradores-em-acao-de-voluntariado-global\/\">Ver artigo<\/a>","protected":false},"author":33,"featured_media":2636,"comment_status":"open","ping_status":"open","sticky":false,"template":"","format":"standard","meta":{"footnotes":""},"categories":[87],"tags":[],"class_list":["post-2634","post","type-post","status-publish","format-standard","has-post-thumbnail","hentry","category-press-release-media"],"yoast_head":"<!-- This site is optimized with the Yoast SEO plugin v25.4 - https:\/\/yoast.com\/wordpress\/plugins\/seo\/ -->\n<title>Pestana Hotel Group re\u00fane colaboradores em a\u00e7\u00e3o de voluntariado global - Grupo Pestana<\/title>\n<meta name=\"robots\" content=\"index, follow, max-snippet:-1, max-image-preview:large, max-video-preview:-1\" \/>\n<link rel=\"canonical\" href=\"https:\/\/www.pestanagroup.com\/pt-pt\/pestana-hotel-group-reune-colaboradores-em-acao-de-voluntariado-global\/\" \/>\n<meta property=\"og:locale\" content=\"pt_PT\" \/>\n<meta property=\"og:type\" content=\"article\" \/>\n<meta property=\"og:title\" content=\"Pestana Hotel Group re\u00fane colaboradores em a\u00e7\u00e3o de voluntariado global - Grupo Pestana\" \/>\n<meta property=\"og:description\" content=\"\u201cSomos apenas H\u00f3spedes do Planeta\u201d Contribuir para um planeta mais sustent\u00e1vel para as gera\u00e7\u00f5es futuras \u00e9 o objectivo do Pestana Hotel Group que, para assinalar o Dia do Ambiente (5 de junho), lan\u00e7a a 1\u00aa edi\u00e7\u00e3o mundial do Dia do Voluntariado Pestana, nos 15 pa\u00edses onde est\u00e1 presente. Com in\u00edcio j\u00e1 este s\u00e1bado, o programa... Ver artigo\" \/>\n<meta property=\"og:url\" content=\"https:\/\/www.pestanagroup.com\/pt-pt\/pestana-hotel-group-reune-colaboradores-em-acao-de-voluntariado-global\/\" \/>\n<meta property=\"og:site_name\" content=\"Grupo Pestana\" \/>\n<meta property=\"article:published_time\" content=\"2019-06-04T12:09:54+00:00\" \/>\n<meta property=\"article:modified_time\" content=\"2023-01-11T13:01:13+00:00\" \/>\n<meta property=\"og:image\" content=\"https:\/\/www.pestanagroup.com\/wp-content\/uploads\/2019\/06\/Dia-Voluntariado-Pestana2-1175x881.jpg\" \/>\n\t<meta property=\"og:image:width\" content=\"1175\" \/>\n\t<meta property=\"og:image:height\" content=\"881\" \/>\n\t<meta property=\"og:image:type\" content=\"image\/jpeg\" \/>\n<meta name=\"author\" content=\"DigitalPestana\" \/>\n<meta name=\"twitter:card\" content=\"summary_large_image\" \/>\n<meta name=\"twitter:label1\" content=\"Escrito por\" \/>\n\t<meta name=\"twitter:data1\" content=\"DigitalPestana\" \/>\n\t<meta name=\"twitter:label2\" content=\"Tempo estimado de leitura\" \/>\n\t<meta name=\"twitter:data2\" content=\"2 minutos\" \/>\n<script type=\"application\/ld+json\" class=\"yoast-schema-graph\">{\"@context\":\"https:\/\/schema.org\",\"@graph\":[{\"@type\":\"WebPage\",\"@id\":\"https:\/\/www.pestanagroup.com\/pt-pt\/pestana-hotel-group-reune-colaboradores-em-acao-de-voluntariado-global\/\",\"url\":\"https:\/\/www.pestanagroup.com\/pt-pt\/pestana-hotel-group-reune-colaboradores-em-acao-de-voluntariado-global\/\",\"name\":\"Pestana Hotel Group re\u00fane colaboradores em a\u00e7\u00e3o de voluntariado global - Grupo Pestana\",\"isPartOf\":{\"@id\":\"https:\/\/www.pestanagroup.com\/pt-pt\/#website\"},\"primaryImageOfPage\":{\"@id\":\"https:\/\/www.pestanagroup.com\/pt-pt\/pestana-hotel-group-reune-colaboradores-em-acao-de-voluntariado-global\/#primaryimage\"},\"image\":{\"@id\":\"https:\/\/www.pestanagroup.com\/pt-pt\/pestana-hotel-group-reune-colaboradores-em-acao-de-voluntariado-global\/#primaryimage\"},\"thumbnailUrl\":\"https:\/\/www.pestanagroup.com\/wp-content\/uploads\/2019\/06\/Dia-Voluntariado-Pestana2.jpg\",\"datePublished\":\"2019-06-04T12:09:54+00:00\",\"dateModified\":\"2023-01-11T13:01:13+00:00\",\"author\":{\"@id\":\"https:\/\/www.pestanagroup.com\/pt-pt\/#\/schema\/person\/6f0b4c8f1089243e3d2fcbce8db8009a\"},\"inLanguage\":\"pt-PT\",\"potentialAction\":[{\"@type\":\"ReadAction\",\"target\":[\"https:\/\/www.pestanagroup.com\/pt-pt\/pestana-hotel-group-reune-colaboradores-em-acao-de-voluntariado-global\/\"]}]},{\"@type\":\"ImageObject\",\"inLanguage\":\"pt-PT\",\"@id\":\"https:\/\/www.pestanagroup.com\/pt-pt\/pestana-hotel-group-reune-colaboradores-em-acao-de-voluntariado-global\/#primaryimage\",\"url\":\"https:\/\/www.pestanagroup.com\/wp-content\/uploads\/2019\/06\/Dia-Voluntariado-Pestana2.jpg\",\"contentUrl\":\"https:\/\/www.pestanagroup.com\/wp-content\/uploads\/2019\/06\/Dia-Voluntariado-Pestana2.jpg\",\"width\":4032,\"height\":3024},{\"@type\":\"WebSite\",\"@id\":\"https:\/\/www.pestanagroup.com\/pt-pt\/#website\",\"url\":\"https:\/\/www.pestanagroup.com\/pt-pt\/\",\"name\":\"Grupo Pestana\",\"description\":\"The Time of Your Life\",\"potentialAction\":[{\"@type\":\"SearchAction\",\"target\":{\"@type\":\"EntryPoint\",\"urlTemplate\":\"https:\/\/www.pestanagroup.com\/pt-pt\/?s={search_term_string}\"},\"query-input\":{\"@type\":\"PropertyValueSpecification\",\"valueRequired\":true,\"valueName\":\"search_term_string\"}}],\"inLanguage\":\"pt-PT\"},{\"@type\":\"Person\",\"@id\":\"https:\/\/www.pestanagroup.com\/pt-pt\/#\/schema\/person\/6f0b4c8f1089243e3d2fcbce8db8009a\",\"name\":\"DigitalPestana\",\"image\":{\"@type\":\"ImageObject\",\"inLanguage\":\"pt-PT\",\"@id\":\"https:\/\/www.pestanagroup.com\/pt-pt\/#\/schema\/person\/image\/\",\"url\":\"https:\/\/secure.gravatar.com\/avatar\/a227aa2f29ffbe05d3231b3b5321ece192f2b350ca7ad77fbdaf3516b912dab5?s=96&d=mm&r=g\",\"contentUrl\":\"https:\/\/secure.gravatar.com\/avatar\/a227aa2f29ffbe05d3231b3b5321ece192f2b350ca7ad77fbdaf3516b912dab5?s=96&d=mm&r=g\",\"caption\":\"DigitalPestana\"},\"url\":\"https:\/\/www.pestanagroup.com\/pt-pt\/author\/digitalpestana\/\"}]}<\/script>\n<!-- \/ Yoast SEO plugin. -->","yoast_head_json":{"title":"Pestana Hotel Group re\u00fane colaboradores em a\u00e7\u00e3o de voluntariado global - Grupo Pestana","robots":{"index":"index","follow":"follow","max-snippet":"max-snippet:-1","max-image-preview":"max-image-preview:large","max-video-preview":"max-video-preview:-1"},"canonical":"https:\/\/www.pestanagroup.com\/pt-pt\/pestana-hotel-group-reune-colaboradores-em-acao-de-voluntariado-global\/","og_locale":"pt_PT","og_type":"article","og_title":"Pestana Hotel Group re\u00fane colaboradores em a\u00e7\u00e3o de voluntariado global - Grupo Pestana","og_description":"\u201cSomos apenas H\u00f3spedes do Planeta\u201d Contribuir para um planeta mais sustent\u00e1vel para as gera\u00e7\u00f5es futuras \u00e9 o objectivo do Pestana Hotel Group que, para assinalar o Dia do Ambiente (5 de junho), lan\u00e7a a 1\u00aa edi\u00e7\u00e3o mundial do Dia do Voluntariado Pestana, nos 15 pa\u00edses onde est\u00e1 presente. Com in\u00edcio j\u00e1 este s\u00e1bado, o programa... Ver artigo","og_url":"https:\/\/www.pestanagroup.com\/pt-pt\/pestana-hotel-group-reune-colaboradores-em-acao-de-voluntariado-global\/","og_site_name":"Grupo Pestana","article_published_time":"2019-06-04T12:09:54+00:00","article_modified_time":"2023-01-11T13:01:13+00:00","og_image":[{"width":1175,"height":881,"url":"https:\/\/www.pestanagroup.com\/wp-content\/uploads\/2019\/06\/Dia-Voluntariado-Pestana2-1175x881.jpg","type":"image\/jpeg"}],"author":"DigitalPestana","twitter_card":"summary_large_image","twitter_misc":{"Escrito por":"DigitalPestana","Tempo estimado de leitura":"2 minutos"},"schema":{"@context":"https:\/\/schema.org","@graph":[{"@type":"WebPage","@id":"https:\/\/www.pestanagroup.com\/pt-pt\/pestana-hotel-group-reune-colaboradores-em-acao-de-voluntariado-global\/","url":"https:\/\/www.pestanagroup.com\/pt-pt\/pestana-hotel-group-reune-colaboradores-em-acao-de-voluntariado-global\/","name":"Pestana Hotel Group re\u00fane colaboradores em a\u00e7\u00e3o de voluntariado global - Grupo Pestana","isPartOf":{"@id":"https:\/\/www.pestanagroup.com\/pt-pt\/#website"},"primaryImageOfPage":{"@id":"https:\/\/www.pestanagroup.com\/pt-pt\/pestana-hotel-group-reune-colaboradores-em-acao-de-voluntariado-global\/#primaryimage"},"image":{"@id":"https:\/\/www.pestanagroup.com\/pt-pt\/pestana-hotel-group-reune-colaboradores-em-acao-de-voluntariado-global\/#primaryimage"},"thumbnailUrl":"https:\/\/www.pestanagroup.com\/wp-content\/uploads\/2019\/06\/Dia-Voluntariado-Pestana2.jpg","datePublished":"2019-06-04T12:09:54+00:00","dateModified":"2023-01-11T13:01:13+00:00","author":{"@id":"https:\/\/www.pestanagroup.com\/pt-pt\/#\/schema\/person\/6f0b4c8f1089243e3d2fcbce8db8009a"},"inLanguage":"pt-PT","potentialAction":[{"@type":"ReadAction","target":["https:\/\/www.pestanagroup.com\/pt-pt\/pestana-hotel-group-reune-colaboradores-em-acao-de-voluntariado-global\/"]}]},{"@type":"ImageObject","inLanguage":"pt-PT","@id":"https:\/\/www.pestanagroup.com\/pt-pt\/pestana-hotel-group-reune-colaboradores-em-acao-de-voluntariado-global\/#primaryimage","url":"https:\/\/www.pestanagroup.com\/wp-content\/uploads\/2019\/06\/Dia-Voluntariado-Pestana2.jpg","contentUrl":"https:\/\/www.pestanagroup.com\/wp-content\/uploads\/2019\/06\/Dia-Voluntariado-Pestana2.jpg","width":4032,"height":3024},{"@type":"WebSite","@id":"https:\/\/www.pestanagroup.com\/pt-pt\/#website","url":"https:\/\/www.pestanagroup.com\/pt-pt\/","name":"Grupo Pestana","description":"The Time of Your Life","potentialAction":[{"@type":"SearchAction","target":{"@type":"EntryPoint","urlTemplate":"https:\/\/www.pestanagroup.com\/pt-pt\/?s={search_term_string}"},"query-input":{"@type":"PropertyValueSpecification","valueRequired":true,"valueName":"search_term_string"}}],"inLanguage":"pt-PT"},{"@type":"Person","@id":"https:\/\/www.pestanagroup.com\/pt-pt\/#\/schema\/person\/6f0b4c8f1089243e3d2fcbce8db8009a","name":"DigitalPestana","image":{"@type":"ImageObject","inLanguage":"pt-PT","@id":"https:\/\/www.pestanagroup.com\/pt-pt\/#\/schema\/person\/image\/","url":"https:\/\/secure.gravatar.com\/avatar\/a227aa2f29ffbe05d3231b3b5321ece192f2b350ca7ad77fbdaf3516b912dab5?s=96&d=mm&r=g","contentUrl":"https:\/\/secure.gravatar.com\/avatar\/a227aa2f29ffbe05d3231b3b5321ece192f2b350ca7ad77fbdaf3516b912dab5?s=96&d=mm&r=g","caption":"DigitalPestana"},"url":"https:\/\/www.pestanagroup.com\/pt-pt\/author\/digitalpestana\/"}]}},"publishpress_future_action":{"enabled":false,"date":"2026-05-09 02:22:38","action":"change-status","newStatus":"draft","terms":[],"taxonomy":"category"},"publishpress_future_workflow_manual_trigger":{"enabledWorkflows":[]},"_links":{"self":[{"href":"https:\/\/www.pestanagroup.com\/pt-pt\/wp-json\/wp\/v2\/posts\/2634","targetHints":{"allow":["GET"]}}],"collection":[{"href":"https:\/\/www.pestanagroup.com\/pt-pt\/wp-json\/wp\/v2\/posts"}],"about":[{"href":"https:\/\/www.pestanagroup.com\/pt-pt\/wp-json\/wp\/v2\/types\/post"}],"author":[{"embeddable":true,"href":"https:\/\/www.pestanagroup.com\/pt-pt\/wp-json\/wp\/v2\/users\/33"}],"replies":[{"embeddable":true,"href":"https:\/\/www.pestanagroup.com\/pt-pt\/wp-json\/wp\/v2\/comments?post=2634"}],"version-history":[{"count":2,"href":"https:\/\/www.pestanagroup.com\/pt-pt\/wp-json\/wp\/v2\/posts\/2634\/revisions"}],"predecessor-version":[{"id":5047,"href":"https:\/\/www.pestanagroup.com\/pt-pt\/wp-json\/wp\/v2\/posts\/2634\/revisions\/5047"}],"wp:featuredmedia":[{"embeddable":true,"href":"https:\/\/www.pestanagroup.com\/pt-pt\/wp-json\/wp\/v2\/media\/2636"}],"wp:attachment":[{"href":"https:\/\/www.pestanagroup.com\/pt-pt\/wp-json\/wp\/v2\/media?parent=2634"}],"wp:term":[{"taxonomy":"category","embeddable":true,"href":"https:\/\/www.pestanagroup.com\/pt-pt\/wp-json\/wp\/v2\/categories?post=2634"},{"taxonomy":"post_tag","embeddable":true,"href":"https:\/\/www.pestanagroup.com\/pt-pt\/wp-json\/wp\/v2\/tags?post=2634"}],"curies":[{"name":"wp","href":"https:\/\/api.w.org\/{rel}","templated":true}]}}