{"id":2629,"date":"2019-05-31T13:16:53","date_gmt":"2019-05-31T12:16:53","guid":{"rendered":"https:\/\/www.pestanagroup.com\/?p=2629"},"modified":"2023-01-11T13:01:12","modified_gmt":"2023-01-11T13:01:12","slug":"pousada-vila-de-obidos-casa-lidador-abre-a-1-de-junho","status":"publish","type":"post","link":"https:\/\/www.pestanagroup.com\/pt-pt\/pousada-vila-de-obidos-casa-lidador-abre-a-1-de-junho\/","title":{"rendered":"Pousada Vila de \u00d3bidos &#8211; Casa Lidador abre a 1 de junho"},"content":{"rendered":"<p><strong>Pousadas de Portugal recuperam edif\u00edcio da primeira experi\u00eancia de pousada no pa\u00eds<\/strong><\/p>\n<p>&nbsp;<\/p>\n<p>Um ano ap\u00f3s a inaugura\u00e7\u00e3o da Pousada Vila de \u00d3bidos, as Pousadas de Portugal anunciam a expans\u00e3o do projeto com a abertura no dia 1 de junho daquela que foi a primeira experi\u00eancia de pousada no pa\u00eds agora designada Pousada Vila de \u00d3bidos &#8211; Casa Lidador.<\/p>\n<p>&nbsp;<\/p>\n<p>A nova unidade refor\u00e7a a estrat\u00e9gia das Pousadas de Portugal que, atentas \u00e0s tend\u00eancias do mercado, procuram aproximar os h\u00f3spedes \u00e0 autenticidade e \u00e0s refer\u00eancias do quotidiano da vila medieval e apostam numa maior flexibilidade do momento da estadia.<\/p>\n<p>&nbsp;<\/p>\n<p>Situada dentro das muralhas, a Pousada Vila de \u00d3bidos \u2013 Casa do Lidador caracteriza-se por uma atmosfera \u00fanica e familiar real\u00e7ada pela simplicidade da decora\u00e7\u00e3o e pelo conforto dos seus 11 quartos. Disponibiliza ainda uma Cozinha equipada onde podem ser preparadas refei\u00e7\u00f5es com produtos locais para partilhar a dois, entre fam\u00edlia ou trocar receitas com os outros h\u00f3spedes.<\/p>\n<p>&nbsp;<\/p>\n<p>Dada sua pequena dimens\u00e3o, a nova unidade apresenta-se uma op\u00e7\u00e3o ideal para quem procura a exclusividade do espa\u00e7o para desfrutar entre fam\u00edlia ou amigos. Assim, tendo como ponto de partida para o momento do check-in a rece\u00e7\u00e3o da Pousada do Castelo, permite a autonomia de todo o espa\u00e7o para poder desfrutar de momentos descontra\u00e7\u00e3o. E ainda surpreende pela instala\u00e7\u00e3o de uma piscina exterior, exclusiva para usufruto dos h\u00f3spedes, para poder apreciar a bela paisagem emoldurada pelas muralhas da vila de \u00d3bidos.<\/p>\n<p>&nbsp;<\/p>\n<p>\u201cA Casa Lidador resulta da aposta estrat\u00e9gica das Pousadas de Portugal num p\u00fablico-alvo que privilegia a localiza\u00e7\u00e3o, o conforto e a experi\u00eancia aut\u00eantica da sua estadia, ao poder viver como um local num destino t\u00e3o emblem\u00e1tico como \u00d3bidos. Este \u00e9, simultaneamente, o mais hist\u00f3rico e o mais inovador espa\u00e7o das Pousadas de Portugal em \u00d3bidos: hist\u00f3rico, porque foi aqui que funcionou o prot\u00f3tipo das Pousadas de Portugal, em 1940, servindo de teste para o projeto de requalifica\u00e7\u00e3o de pens\u00f5es e hot\u00e9is em todo o pa\u00eds; e inovador, porque abre portas a um novo conceito de Pousada, com utiliza\u00e7\u00e3o mais independente por parte dos h\u00f3spedes.\u201d explica o presidente das Pousadas de Portugal, Lu\u00eds Castanheira Lopes.<\/p>\n<p>&nbsp;<\/p>\n<p>Este novo projeto das Pousadas de Portugal recupera o edif\u00edcio da primeira experi\u00eancia de pousada no pa\u00eds, inaugurado em 1940, sendo um prot\u00f3tipo importante para as adapta\u00e7\u00f5es das unidades hoteleiras da \u00e9poca, quer ao n\u00edvel de arquitetura e decora\u00e7\u00e3o mas tamb\u00e9m para a defini\u00e7\u00e3o do n\u00edvel de presta\u00e7\u00e3o do servi\u00e7o. Designado \u00e0 \u00e9poca como um \u201chotel pedag\u00f3gico\u201d, a Estalagem do Lidador representou o primeiro hotel de aplica\u00e7\u00e3o e o espa\u00e7o onde se definiria os valores do panorama do turismo nacional, precedendo \u00e0 pr\u00f3pria constitui\u00e7\u00e3o oficial da rede Pousadas de Portugal.<\/p>\n<p>&nbsp;<\/p>\n<p>Este lugar foi um projeto pioneiro e as Pousadas de Portugal prosseguem a sua miss\u00e3o na recupera\u00e7\u00e3o de patrim\u00f3nio classificado e reconvers\u00e3o de um produto tur\u00edstico de qualidade e diferenciado, apresentando tamb\u00e9m inova\u00e7\u00e3o ao seu produto. \u201cA rede das Pousadas de Portugal assinala mais de sete d\u00e9cadas de experi\u00eancia e, faz todo o sentido recuperarmos o legado deste projeto e acrescentarmos valor de olhos postos no futuro\u201d, salienta Lu\u00eds Castanheira Lopes.<\/p>\n<p>&nbsp;<\/p>\n<p>A atual Pousada Vila de \u00d3bidos soma o total de 48 quartos e integra o segmento Charming Hotels e, devido \u00e0 sua localiza\u00e7\u00e3o privilegiada junto ao Castelo &#8211; o primeiro monumento nacional a integrar a rede Pousadas de Portugal nos anos 50 &#8211; \u00e9 um local de excel\u00eancia para explorar a vila que mant\u00e9m inalteradas as t\u00edpicas cal\u00e7adas em pedra e as casas caiadas.<\/p>\n<p>&nbsp;<\/p>\n<p>As reservas para estadia na Pousada Vila de \u00d3bidos \u2013 Casa Lidador em Quarto Duplo est\u00e3o dispon\u00edveis desde 99,00 EUROS<\/p>\n<p>&nbsp;<\/p>\n<p>Mais informa\u00e7\u00e3o em <a href=\"http:\/\/www.pousadas.pt\">www.pousadas.pt<\/a>.<\/p>\n<p><strong>\u00a0<\/strong><\/p>\n","protected":false},"excerpt":{"rendered":"Pousadas de Portugal recuperam edif\u00edcio da primeira experi\u00eancia de pousada no pa\u00eds &nbsp; Um ano ap\u00f3s a inaugura\u00e7\u00e3o da Pousada Vila de \u00d3bidos, as Pousadas de Portugal anunciam a expans\u00e3o do projeto com a abertura no dia 1 de junho daquela que foi a primeira experi\u00eancia de pousada no pa\u00eds agora designada Pousada Vila de&#8230; <a class=\"view-article\" href=\"https:\/\/www.pestanagroup.com\/pt-pt\/pousada-vila-de-obidos-casa-lidador-abre-a-1-de-junho\/\">Ver artigo<\/a>","protected":false},"author":33,"featured_media":2632,"comment_status":"open","ping_status":"open","sticky":false,"template":"","format":"standard","meta":{"footnotes":""},"categories":[87],"tags":[],"class_list":["post-2629","post","type-post","status-publish","format-standard","has-post-thumbnail","hentry","category-press-release-media"],"yoast_head":"<!-- This site is optimized with the Yoast SEO plugin v25.4 - https:\/\/yoast.com\/wordpress\/plugins\/seo\/ -->\n<title>Pousada Vila de \u00d3bidos - Casa Lidador abre a 1 de junho - Grupo Pestana<\/title>\n<meta name=\"robots\" content=\"index, follow, max-snippet:-1, max-image-preview:large, max-video-preview:-1\" \/>\n<link rel=\"canonical\" href=\"https:\/\/www.pestanagroup.com\/pt-pt\/pousada-vila-de-obidos-casa-lidador-abre-a-1-de-junho\/\" \/>\n<meta property=\"og:locale\" content=\"pt_PT\" \/>\n<meta property=\"og:type\" content=\"article\" \/>\n<meta property=\"og:title\" content=\"Pousada Vila de \u00d3bidos - Casa Lidador abre a 1 de junho - Grupo Pestana\" \/>\n<meta property=\"og:description\" content=\"Pousadas de Portugal recuperam edif\u00edcio da primeira experi\u00eancia de pousada no pa\u00eds &nbsp; Um ano ap\u00f3s a inaugura\u00e7\u00e3o da Pousada Vila de \u00d3bidos, as Pousadas de Portugal anunciam a expans\u00e3o do projeto com a abertura no dia 1 de junho daquela que foi a primeira experi\u00eancia de pousada no pa\u00eds agora designada Pousada Vila de... Ver artigo\" \/>\n<meta property=\"og:url\" content=\"https:\/\/www.pestanagroup.com\/pt-pt\/pousada-vila-de-obidos-casa-lidador-abre-a-1-de-junho\/\" \/>\n<meta property=\"og:site_name\" content=\"Grupo Pestana\" \/>\n<meta property=\"article:published_time\" content=\"2019-05-31T12:16:53+00:00\" \/>\n<meta property=\"article:modified_time\" content=\"2023-01-11T13:01:12+00:00\" \/>\n<meta property=\"og:image\" content=\"https:\/\/www.pestanagroup.com\/wp-content\/uploads\/2019\/05\/Terrac\u2560\u00bao-2.jpg\" \/>\n\t<meta property=\"og:image:width\" content=\"2048\" \/>\n\t<meta property=\"og:image:height\" content=\"1365\" \/>\n\t<meta property=\"og:image:type\" content=\"image\/jpeg\" \/>\n<meta name=\"author\" content=\"DigitalPestana\" \/>\n<meta name=\"twitter:card\" content=\"summary_large_image\" \/>\n<meta name=\"twitter:label1\" content=\"Escrito por\" \/>\n\t<meta name=\"twitter:data1\" content=\"DigitalPestana\" \/>\n\t<meta name=\"twitter:label2\" content=\"Tempo estimado de leitura\" \/>\n\t<meta name=\"twitter:data2\" content=\"3 minutos\" \/>\n<script type=\"application\/ld+json\" class=\"yoast-schema-graph\">{\"@context\":\"https:\/\/schema.org\",\"@graph\":[{\"@type\":\"WebPage\",\"@id\":\"https:\/\/www.pestanagroup.com\/pt-pt\/pousada-vila-de-obidos-casa-lidador-abre-a-1-de-junho\/\",\"url\":\"https:\/\/www.pestanagroup.com\/pt-pt\/pousada-vila-de-obidos-casa-lidador-abre-a-1-de-junho\/\",\"name\":\"Pousada Vila de \u00d3bidos - Casa Lidador abre a 1 de junho - Grupo Pestana\",\"isPartOf\":{\"@id\":\"https:\/\/www.pestanagroup.com\/pt-pt\/#website\"},\"primaryImageOfPage\":{\"@id\":\"https:\/\/www.pestanagroup.com\/pt-pt\/pousada-vila-de-obidos-casa-lidador-abre-a-1-de-junho\/#primaryimage\"},\"image\":{\"@id\":\"https:\/\/www.pestanagroup.com\/pt-pt\/pousada-vila-de-obidos-casa-lidador-abre-a-1-de-junho\/#primaryimage\"},\"thumbnailUrl\":\"https:\/\/www.pestanagroup.com\/wp-content\/uploads\/2019\/05\/Terrac\u2560\u00bao-2.jpg\",\"datePublished\":\"2019-05-31T12:16:53+00:00\",\"dateModified\":\"2023-01-11T13:01:12+00:00\",\"author\":{\"@id\":\"https:\/\/www.pestanagroup.com\/pt-pt\/#\/schema\/person\/6f0b4c8f1089243e3d2fcbce8db8009a\"},\"inLanguage\":\"pt-PT\",\"potentialAction\":[{\"@type\":\"ReadAction\",\"target\":[\"https:\/\/www.pestanagroup.com\/pt-pt\/pousada-vila-de-obidos-casa-lidador-abre-a-1-de-junho\/\"]}]},{\"@type\":\"ImageObject\",\"inLanguage\":\"pt-PT\",\"@id\":\"https:\/\/www.pestanagroup.com\/pt-pt\/pousada-vila-de-obidos-casa-lidador-abre-a-1-de-junho\/#primaryimage\",\"url\":\"https:\/\/www.pestanagroup.com\/wp-content\/uploads\/2019\/05\/Terrac\u2560\u00bao-2.jpg\",\"contentUrl\":\"https:\/\/www.pestanagroup.com\/wp-content\/uploads\/2019\/05\/Terrac\u2560\u00bao-2.jpg\",\"width\":2048,\"height\":1365},{\"@type\":\"WebSite\",\"@id\":\"https:\/\/www.pestanagroup.com\/pt-pt\/#website\",\"url\":\"https:\/\/www.pestanagroup.com\/pt-pt\/\",\"name\":\"Grupo Pestana\",\"description\":\"The Time of Your Life\",\"potentialAction\":[{\"@type\":\"SearchAction\",\"target\":{\"@type\":\"EntryPoint\",\"urlTemplate\":\"https:\/\/www.pestanagroup.com\/pt-pt\/?s={search_term_string}\"},\"query-input\":{\"@type\":\"PropertyValueSpecification\",\"valueRequired\":true,\"valueName\":\"search_term_string\"}}],\"inLanguage\":\"pt-PT\"},{\"@type\":\"Person\",\"@id\":\"https:\/\/www.pestanagroup.com\/pt-pt\/#\/schema\/person\/6f0b4c8f1089243e3d2fcbce8db8009a\",\"name\":\"DigitalPestana\",\"image\":{\"@type\":\"ImageObject\",\"inLanguage\":\"pt-PT\",\"@id\":\"https:\/\/www.pestanagroup.com\/pt-pt\/#\/schema\/person\/image\/\",\"url\":\"https:\/\/secure.gravatar.com\/avatar\/a227aa2f29ffbe05d3231b3b5321ece192f2b350ca7ad77fbdaf3516b912dab5?s=96&d=mm&r=g\",\"contentUrl\":\"https:\/\/secure.gravatar.com\/avatar\/a227aa2f29ffbe05d3231b3b5321ece192f2b350ca7ad77fbdaf3516b912dab5?s=96&d=mm&r=g\",\"caption\":\"DigitalPestana\"},\"url\":\"https:\/\/www.pestanagroup.com\/pt-pt\/author\/digitalpestana\/\"}]}<\/script>\n<!-- \/ Yoast SEO plugin. -->","yoast_head_json":{"title":"Pousada Vila de \u00d3bidos - Casa Lidador abre a 1 de junho - Grupo Pestana","robots":{"index":"index","follow":"follow","max-snippet":"max-snippet:-1","max-image-preview":"max-image-preview:large","max-video-preview":"max-video-preview:-1"},"canonical":"https:\/\/www.pestanagroup.com\/pt-pt\/pousada-vila-de-obidos-casa-lidador-abre-a-1-de-junho\/","og_locale":"pt_PT","og_type":"article","og_title":"Pousada Vila de \u00d3bidos - Casa Lidador abre a 1 de junho - Grupo Pestana","og_description":"Pousadas de Portugal recuperam edif\u00edcio da primeira experi\u00eancia de pousada no pa\u00eds &nbsp; Um ano ap\u00f3s a inaugura\u00e7\u00e3o da Pousada Vila de \u00d3bidos, as Pousadas de Portugal anunciam a expans\u00e3o do projeto com a abertura no dia 1 de junho daquela que foi a primeira experi\u00eancia de pousada no pa\u00eds agora designada Pousada Vila de... Ver artigo","og_url":"https:\/\/www.pestanagroup.com\/pt-pt\/pousada-vila-de-obidos-casa-lidador-abre-a-1-de-junho\/","og_site_name":"Grupo Pestana","article_published_time":"2019-05-31T12:16:53+00:00","article_modified_time":"2023-01-11T13:01:12+00:00","og_image":[{"width":2048,"height":1365,"url":"https:\/\/www.pestanagroup.com\/wp-content\/uploads\/2019\/05\/Terrac\u2560\u00bao-2.jpg","type":"image\/jpeg"}],"author":"DigitalPestana","twitter_card":"summary_large_image","twitter_misc":{"Escrito por":"DigitalPestana","Tempo estimado de leitura":"3 minutos"},"schema":{"@context":"https:\/\/schema.org","@graph":[{"@type":"WebPage","@id":"https:\/\/www.pestanagroup.com\/pt-pt\/pousada-vila-de-obidos-casa-lidador-abre-a-1-de-junho\/","url":"https:\/\/www.pestanagroup.com\/pt-pt\/pousada-vila-de-obidos-casa-lidador-abre-a-1-de-junho\/","name":"Pousada Vila de \u00d3bidos - Casa Lidador abre a 1 de junho - Grupo Pestana","isPartOf":{"@id":"https:\/\/www.pestanagroup.com\/pt-pt\/#website"},"primaryImageOfPage":{"@id":"https:\/\/www.pestanagroup.com\/pt-pt\/pousada-vila-de-obidos-casa-lidador-abre-a-1-de-junho\/#primaryimage"},"image":{"@id":"https:\/\/www.pestanagroup.com\/pt-pt\/pousada-vila-de-obidos-casa-lidador-abre-a-1-de-junho\/#primaryimage"},"thumbnailUrl":"https:\/\/www.pestanagroup.com\/wp-content\/uploads\/2019\/05\/Terrac\u2560\u00bao-2.jpg","datePublished":"2019-05-31T12:16:53+00:00","dateModified":"2023-01-11T13:01:12+00:00","author":{"@id":"https:\/\/www.pestanagroup.com\/pt-pt\/#\/schema\/person\/6f0b4c8f1089243e3d2fcbce8db8009a"},"inLanguage":"pt-PT","potentialAction":[{"@type":"ReadAction","target":["https:\/\/www.pestanagroup.com\/pt-pt\/pousada-vila-de-obidos-casa-lidador-abre-a-1-de-junho\/"]}]},{"@type":"ImageObject","inLanguage":"pt-PT","@id":"https:\/\/www.pestanagroup.com\/pt-pt\/pousada-vila-de-obidos-casa-lidador-abre-a-1-de-junho\/#primaryimage","url":"https:\/\/www.pestanagroup.com\/wp-content\/uploads\/2019\/05\/Terrac\u2560\u00bao-2.jpg","contentUrl":"https:\/\/www.pestanagroup.com\/wp-content\/uploads\/2019\/05\/Terrac\u2560\u00bao-2.jpg","width":2048,"height":1365},{"@type":"WebSite","@id":"https:\/\/www.pestanagroup.com\/pt-pt\/#website","url":"https:\/\/www.pestanagroup.com\/pt-pt\/","name":"Grupo Pestana","description":"The Time of Your Life","potentialAction":[{"@type":"SearchAction","target":{"@type":"EntryPoint","urlTemplate":"https:\/\/www.pestanagroup.com\/pt-pt\/?s={search_term_string}"},"query-input":{"@type":"PropertyValueSpecification","valueRequired":true,"valueName":"search_term_string"}}],"inLanguage":"pt-PT"},{"@type":"Person","@id":"https:\/\/www.pestanagroup.com\/pt-pt\/#\/schema\/person\/6f0b4c8f1089243e3d2fcbce8db8009a","name":"DigitalPestana","image":{"@type":"ImageObject","inLanguage":"pt-PT","@id":"https:\/\/www.pestanagroup.com\/pt-pt\/#\/schema\/person\/image\/","url":"https:\/\/secure.gravatar.com\/avatar\/a227aa2f29ffbe05d3231b3b5321ece192f2b350ca7ad77fbdaf3516b912dab5?s=96&d=mm&r=g","contentUrl":"https:\/\/secure.gravatar.com\/avatar\/a227aa2f29ffbe05d3231b3b5321ece192f2b350ca7ad77fbdaf3516b912dab5?s=96&d=mm&r=g","caption":"DigitalPestana"},"url":"https:\/\/www.pestanagroup.com\/pt-pt\/author\/digitalpestana\/"}]}},"publishpress_future_action":{"enabled":false,"date":"2026-05-08 08:38:23","action":"change-status","newStatus":"draft","terms":[],"taxonomy":"category"},"publishpress_future_workflow_manual_trigger":{"enabledWorkflows":[]},"_links":{"self":[{"href":"https:\/\/www.pestanagroup.com\/pt-pt\/wp-json\/wp\/v2\/posts\/2629","targetHints":{"allow":["GET"]}}],"collection":[{"href":"https:\/\/www.pestanagroup.com\/pt-pt\/wp-json\/wp\/v2\/posts"}],"about":[{"href":"https:\/\/www.pestanagroup.com\/pt-pt\/wp-json\/wp\/v2\/types\/post"}],"author":[{"embeddable":true,"href":"https:\/\/www.pestanagroup.com\/pt-pt\/wp-json\/wp\/v2\/users\/33"}],"replies":[{"embeddable":true,"href":"https:\/\/www.pestanagroup.com\/pt-pt\/wp-json\/wp\/v2\/comments?post=2629"}],"version-history":[{"count":2,"href":"https:\/\/www.pestanagroup.com\/pt-pt\/wp-json\/wp\/v2\/posts\/2629\/revisions"}],"predecessor-version":[{"id":5046,"href":"https:\/\/www.pestanagroup.com\/pt-pt\/wp-json\/wp\/v2\/posts\/2629\/revisions\/5046"}],"wp:featuredmedia":[{"embeddable":true,"href":"https:\/\/www.pestanagroup.com\/pt-pt\/wp-json\/wp\/v2\/media\/2632"}],"wp:attachment":[{"href":"https:\/\/www.pestanagroup.com\/pt-pt\/wp-json\/wp\/v2\/media?parent=2629"}],"wp:term":[{"taxonomy":"category","embeddable":true,"href":"https:\/\/www.pestanagroup.com\/pt-pt\/wp-json\/wp\/v2\/categories?post=2629"},{"taxonomy":"post_tag","embeddable":true,"href":"https:\/\/www.pestanagroup.com\/pt-pt\/wp-json\/wp\/v2\/tags?post=2629"}],"curies":[{"name":"wp","href":"https:\/\/api.w.org\/{rel}","templated":true}]}}