{"id":2624,"date":"2019-05-08T16:35:39","date_gmt":"2019-05-08T15:35:39","guid":{"rendered":"https:\/\/www.pestanagroup.com\/?p=2624"},"modified":"2023-01-11T13:01:10","modified_gmt":"2023-01-11T13:01:10","slug":"pestana-hotel-group-abre-primeiro-hotel-na-capital-espanhola","status":"publish","type":"post","link":"https:\/\/www.pestanagroup.com\/pt-pt\/pestana-hotel-group-abre-primeiro-hotel-na-capital-espanhola\/","title":{"rendered":"PESTANA HOTEL GROUP ABRE PRIMEIRO HOTEL NA CAPITAL ESPANHOLA"},"content":{"rendered":"<p><strong>Madrid recebe Pestana Plaza Mayor Madrid \u00a0a 13 de maio<\/strong><\/p>\n<p>O Pestana Hotel Group abre na pr\u00f3xima segunda-feira, dia 13 de maio, o seu primeiro hotel em Madrid, o Pestana Plaza Mayor Madrid, integrado na marca Pestana Collection Hotels, a mais exclusiva do grupo, e resultante da reconvers\u00e3o de dois edif\u00edcios hist\u00f3ricos localizados numa das mais emblem\u00e1ticas pra\u00e7as europeias.<\/p>\n<p>&nbsp;<\/p>\n<p>A nova capital europeia a integrar o portef\u00f3lio do grupo, depois de Lisboa, Londres, Berlim e Amesterd\u00e3o, \u00e9 um dos mais vibrantes destinos do turismo mundial, tendo recebido mais de dez milh\u00f5es de turistas no ano passado. Seguindo-se a Barcelona, onde a marca Pestana entrou em 2013, o Pestana Plaza Mayor Madrid, representa a mais recente concretiza\u00e7\u00e3o na estrat\u00e9gia de crescimento da marca no mercado espanhol e entrada na muito competitiva Madrid.<\/p>\n<p>&nbsp;<\/p>\n<p>Instalado no cora\u00e7\u00e3o da cidade hist\u00f3rica, em pleno Madrid de los Austrias, o Pestana Plaza Mayor Madrid, tal como o nome indica, fica na m\u00edtica pra\u00e7a que \u00e9 uma das imagens simb\u00f3licas mais fortes de Madrid, e \u00e9 o primeiro hotel alguma vez instalado no local. Conhecida originalmente como Pra\u00e7a do Arrabal, foi encomendada pelo rei Felipe II ao arquiteto Juan de Herrera com o objetivo de que nela se celebrassem espet\u00e1culos p\u00fablicos. Ponto de visita obrigat\u00f3rio, est\u00e1 a dois passos de outras atra\u00e7\u00f5es da capital, como a Catedral e Pal\u00e1cio Real, est\u00e1 ao lado da comercial zona da Puerta del Sol, pr\u00f3xima da Gran V\u00eda e da Castellana, com os seus grandes museus (Prado, Reina Sofia e Thyssen), e continua a ser o palco das mais t\u00edpicas festas madrilenas, sendo.<\/p>\n<p>&nbsp;<\/p>\n<p>O novo hotel ocupa um dos seus edif\u00edcios mais emblem\u00e1ticos, a <em>Casa de la Carnicer\u00eda<\/em>, edificado no seculo XVII, que mant\u00e9m toda a sua tra\u00e7a original, integrando ainda um outro de tra\u00e7ado menos antigo, voltado para a Calle Imperial nas traseiras opostas. Em pleno respeito por este legado, o Pestana Plaza Mayor Madrid presta tributo \u00e0 sua arquitetura original, reveladora dos seus 400 anos de hist\u00f3ria, tendo sido objeto de um cuidado projecto de restauro e convers\u00e3o a hotel que come\u00e7a agora a operar.<\/p>\n<p>&nbsp;<\/p>\n<p>O Pestana Plaza Mayor Madrid conta com 89 quartos e suites, dos quais quase metade se abrem em incr\u00edveis varandas sobre a pra\u00e7a, que apresentam design elegante e contempor\u00e2neo, com elementos decorativos de tra\u00e7o imperial conjugados com coloridas pe\u00e7as inspiradas nos pintores expressionistas, padr\u00f5es e cores da Pra\u00e7a e de Madrid.<\/p>\n<p>&nbsp;<\/p>\n<p>Uma das suas surpresas \u00e9 a piscina ao ar livre no terra\u00e7o no topo do hotel, perfeita para os Ver\u00f5es madrilenos, com vistas sobre os telhados e c\u00fapulas hist\u00f3ricas. O Spa, situado no n\u00edvel abaixo da pra\u00e7a, oferece uma atmosfera de imediata tranquilidade com a sua piscina interior e tetos abobadados em tijolo burro, iluminados por uma luz di\u00e1fana e retemperadora. Conta ainda com sala de tratamentos e com um Fitness Centre.<\/p>\n<p>&nbsp;<\/p>\n<p>Na restaura\u00e7\u00e3o, n\u00e3o espanta que, na antiga Carn\u00edceria, a escolha tenha sido pelo <em>RIB Casa de la Carnicer\u00eda Beef &amp; Wine<\/em>, a primeira experi\u00eancia de internacionaliza\u00e7\u00e3o da marca que nasceu no grupo no Porto e tem tamb\u00e9m presen\u00e7a em Lisboa. E, para viver uma verdadeira experi\u00eancia madrilena, o spot ideal \u00e9 a cafetaria do hotel com esplanada na Plaza Mayor, o <em>Caf\u00e9 de la Plaza<\/em>, dedicado \u00e0s tapas e petiscos, onde n\u00e3o faltar\u00e3o do\u00e7aria tradicional espanhola e portuguesa. Ao fim do dia, antes ou depois do jantar, ser\u00e1 obrigat\u00f3rio passar pelo bar de cocktails, evocativo dos anos mais bo\u00e9mios de Madrid, a <em>Coqueteler\u00eda<\/em>.<\/p>\n<p>&nbsp;<\/p>\n<p>A ilumina\u00e7\u00e3o de estilo barroco, o legado da arte isl\u00e2mica, a inspira\u00e7\u00e3o nos grandes artistas e as escadarias de estilo \u2018herreriano\u2019, originais do s\u00e9culo XVII, s\u00e3o alguns dos elementos que d\u00e3o vida a este hotel, a novidade da marca Pestana Collection &#8211; uma sele\u00e7\u00e3o de hot\u00e9is, edif\u00edcios e monumentos luxuosos com localiza\u00e7\u00f5es \u00edmpares<strong>*<\/strong>. A localiza\u00e7\u00e3o emblem\u00e1tica, o respeito pela hist\u00f3ria e arquitetura e um projeto de interiores marcado pela, aten\u00e7\u00e3o ao detalhe e sensibilidade pelas tradi\u00e7\u00f5es e estilo de vida da cidade, fazem do Pestana Plaza Mayor Madrid um hotel ic\u00f3nico.<\/p>\n<p>&nbsp;<\/p>\n<p><strong>* <\/strong><\/p>\n<p>Al\u00e9m do Pestana Plaza Mayor Madrid, integram esta marca: Pestana Vintage Porto \u2013 Preferred Hotels &amp; Resorts; Pestana Palace Lisboa \u2013 The Leading Hotels of the World; Pestana Pal\u00e1cio Do Freixo \u2013 The Leading Hotels of the World; Pestana Porto &#8211; A Brasileira; Pestana Cidadela Cascais \u2013 Preferred Hotels &amp; Resorts; Pestana Amsterdam Riverside \u2013 Preferred Hotels &amp; Resorts.<\/p>\n<p>&nbsp;<\/p>\n<p><strong>\u00a0<\/strong><\/p>\n<p><strong>Sobre o Pestana Hotel Group:<\/strong><\/p>\n<p>Com um percurso de mais de quatro d\u00e9cadas de sucesso, o Grupo tem e gere mais de 90 hot\u00e9is em Portugal e no estrangeiro, e ainda tr\u00eas empreendimentos de imobili\u00e1rio tur\u00edstico, 13 empreendimentos Vacation Club, seis campos de golfe e dois casinos, com o objetivo de oferecer produtos completos e mais atrativos. Na ind\u00fastria e nos servi\u00e7os, o grupo de Dion\u00edsio Pestana participa na Sociedade de Desenvolvimento da Madeira, gestora do Centro Internacional de Neg\u00f3cios da Madeira e na Empresa de Cervejas da Madeira. Ao todo s\u00e3o sete as \u00e1reas de neg\u00f3cio onde opera: hotelaria, imobili\u00e1rio tur\u00edstico, Vacation Club, golfe, casinos, ind\u00fastria e servi\u00e7os.<\/p>\n<p>Na hotelaria, o seu principal neg\u00f3cio, o grupo opera com quatro marcas: Pestana Hotels &amp; Resorts, Pestana Collection Hotels, Pestana Pousadas de Portugal e Pestana CR7 Lifestyle Hotels. Presente em 15 pa\u00edses, tem cerca de 11.500 quartos dispon\u00edveis na Europa, \u00c1frica e Am\u00e9rica e uma equipa global de sete mil colaboradores.<\/p>\n<p>Como empresa socialmente respons\u00e1vel lan\u00e7ou o Pestana Sustainability Program: Planet Guest &#8211; \u201cSomos apenas h\u00f3spedes do Planeta\u201d \u2013 que incorpora todas as iniciativas que promovem a sustentabilidade do PHG. O Planet Guest transmite a posi\u00e7\u00e3o do Grupo e dos seus colaboradores no que diz respeito \u00e0 sustentabilidade do Planeta em que vivemos e o foco do PHG na extrema preocupa\u00e7\u00e3o perante as gera\u00e7\u00f5es futuras. Tem como objetivo criar valor no longo prazo para a empresa, desenvolvendo a sua atividade com respeito pelo meio ambiente, comunidades locais, colaboradores, clientes e todos os stakeholders relevantes no exerc\u00edcio da sua atividade.<\/p>\n<p>&nbsp;<\/p>\n<p>Entre no universo Pestana e saiba mais em <a href=\"http:\/\/www.pestana.com\">www.pestana.com<\/a><\/p>\n","protected":false},"excerpt":{"rendered":"Madrid recebe Pestana Plaza Mayor Madrid \u00a0a 13 de maio O Pestana Hotel Group abre na pr\u00f3xima segunda-feira, dia 13 de maio, o seu primeiro hotel em Madrid, o Pestana Plaza Mayor Madrid, integrado na marca Pestana Collection Hotels, a mais exclusiva do grupo, e resultante da reconvers\u00e3o de dois edif\u00edcios hist\u00f3ricos localizados numa das&#8230; <a class=\"view-article\" href=\"https:\/\/www.pestanagroup.com\/pt-pt\/pestana-hotel-group-abre-primeiro-hotel-na-capital-espanhola\/\">Ver artigo<\/a>","protected":false},"author":33,"featured_media":2498,"comment_status":"open","ping_status":"open","sticky":false,"template":"","format":"standard","meta":{"footnotes":""},"categories":[87],"tags":[],"class_list":["post-2624","post","type-post","status-publish","format-standard","has-post-thumbnail","hentry","category-press-release-media"],"yoast_head":"<!-- This site is optimized with the Yoast SEO plugin v25.4 - https:\/\/yoast.com\/wordpress\/plugins\/seo\/ -->\n<title>PESTANA HOTEL GROUP ABRE PRIMEIRO HOTEL NA CAPITAL ESPANHOLA - Grupo Pestana<\/title>\n<meta name=\"robots\" content=\"index, follow, max-snippet:-1, max-image-preview:large, max-video-preview:-1\" \/>\n<link rel=\"canonical\" href=\"https:\/\/www.pestanagroup.com\/pt-pt\/pestana-hotel-group-abre-primeiro-hotel-na-capital-espanhola\/\" \/>\n<meta property=\"og:locale\" content=\"pt_PT\" \/>\n<meta property=\"og:type\" content=\"article\" \/>\n<meta property=\"og:title\" content=\"PESTANA HOTEL GROUP ABRE PRIMEIRO HOTEL NA CAPITAL ESPANHOLA - Grupo Pestana\" \/>\n<meta property=\"og:description\" content=\"Madrid recebe Pestana Plaza Mayor Madrid \u00a0a 13 de maio O Pestana Hotel Group abre na pr\u00f3xima segunda-feira, dia 13 de maio, o seu primeiro hotel em Madrid, o Pestana Plaza Mayor Madrid, integrado na marca Pestana Collection Hotels, a mais exclusiva do grupo, e resultante da reconvers\u00e3o de dois edif\u00edcios hist\u00f3ricos localizados numa das... Ver artigo\" \/>\n<meta property=\"og:url\" content=\"https:\/\/www.pestanagroup.com\/pt-pt\/pestana-hotel-group-abre-primeiro-hotel-na-capital-espanhola\/\" \/>\n<meta property=\"og:site_name\" content=\"Grupo Pestana\" \/>\n<meta property=\"article:published_time\" content=\"2019-05-08T15:35:39+00:00\" \/>\n<meta property=\"article:modified_time\" content=\"2023-01-11T13:01:10+00:00\" \/>\n<meta property=\"og:image\" content=\"https:\/\/www.pestanagroup.com\/wp-content\/uploads\/2019\/03\/03-Hotel-Pestana-Plaza-Mayor-OCT18-1175x783.jpg\" \/>\n\t<meta property=\"og:image:width\" content=\"1175\" \/>\n\t<meta property=\"og:image:height\" content=\"783\" \/>\n\t<meta property=\"og:image:type\" content=\"image\/jpeg\" \/>\n<meta name=\"author\" content=\"DigitalPestana\" \/>\n<meta name=\"twitter:card\" content=\"summary_large_image\" \/>\n<meta name=\"twitter:label1\" content=\"Escrito por\" \/>\n\t<meta name=\"twitter:data1\" content=\"DigitalPestana\" \/>\n\t<meta name=\"twitter:label2\" content=\"Tempo estimado de leitura\" \/>\n\t<meta name=\"twitter:data2\" content=\"5 minutos\" \/>\n<script type=\"application\/ld+json\" class=\"yoast-schema-graph\">{\"@context\":\"https:\/\/schema.org\",\"@graph\":[{\"@type\":\"WebPage\",\"@id\":\"https:\/\/www.pestanagroup.com\/pt-pt\/pestana-hotel-group-abre-primeiro-hotel-na-capital-espanhola\/\",\"url\":\"https:\/\/www.pestanagroup.com\/pt-pt\/pestana-hotel-group-abre-primeiro-hotel-na-capital-espanhola\/\",\"name\":\"PESTANA HOTEL GROUP ABRE PRIMEIRO HOTEL NA CAPITAL ESPANHOLA - Grupo Pestana\",\"isPartOf\":{\"@id\":\"https:\/\/www.pestanagroup.com\/pt-pt\/#website\"},\"primaryImageOfPage\":{\"@id\":\"https:\/\/www.pestanagroup.com\/pt-pt\/pestana-hotel-group-abre-primeiro-hotel-na-capital-espanhola\/#primaryimage\"},\"image\":{\"@id\":\"https:\/\/www.pestanagroup.com\/pt-pt\/pestana-hotel-group-abre-primeiro-hotel-na-capital-espanhola\/#primaryimage\"},\"thumbnailUrl\":\"https:\/\/www.pestanagroup.com\/wp-content\/uploads\/2019\/03\/03-Hotel-Pestana-Plaza-Mayor-OCT18.jpg\",\"datePublished\":\"2019-05-08T15:35:39+00:00\",\"dateModified\":\"2023-01-11T13:01:10+00:00\",\"author\":{\"@id\":\"https:\/\/www.pestanagroup.com\/pt-pt\/#\/schema\/person\/6f0b4c8f1089243e3d2fcbce8db8009a\"},\"inLanguage\":\"pt-PT\",\"potentialAction\":[{\"@type\":\"ReadAction\",\"target\":[\"https:\/\/www.pestanagroup.com\/pt-pt\/pestana-hotel-group-abre-primeiro-hotel-na-capital-espanhola\/\"]}]},{\"@type\":\"ImageObject\",\"inLanguage\":\"pt-PT\",\"@id\":\"https:\/\/www.pestanagroup.com\/pt-pt\/pestana-hotel-group-abre-primeiro-hotel-na-capital-espanhola\/#primaryimage\",\"url\":\"https:\/\/www.pestanagroup.com\/wp-content\/uploads\/2019\/03\/03-Hotel-Pestana-Plaza-Mayor-OCT18.jpg\",\"contentUrl\":\"https:\/\/www.pestanagroup.com\/wp-content\/uploads\/2019\/03\/03-Hotel-Pestana-Plaza-Mayor-OCT18.jpg\",\"width\":2500,\"height\":1667},{\"@type\":\"WebSite\",\"@id\":\"https:\/\/www.pestanagroup.com\/pt-pt\/#website\",\"url\":\"https:\/\/www.pestanagroup.com\/pt-pt\/\",\"name\":\"Grupo Pestana\",\"description\":\"The Time of Your Life\",\"potentialAction\":[{\"@type\":\"SearchAction\",\"target\":{\"@type\":\"EntryPoint\",\"urlTemplate\":\"https:\/\/www.pestanagroup.com\/pt-pt\/?s={search_term_string}\"},\"query-input\":{\"@type\":\"PropertyValueSpecification\",\"valueRequired\":true,\"valueName\":\"search_term_string\"}}],\"inLanguage\":\"pt-PT\"},{\"@type\":\"Person\",\"@id\":\"https:\/\/www.pestanagroup.com\/pt-pt\/#\/schema\/person\/6f0b4c8f1089243e3d2fcbce8db8009a\",\"name\":\"DigitalPestana\",\"image\":{\"@type\":\"ImageObject\",\"inLanguage\":\"pt-PT\",\"@id\":\"https:\/\/www.pestanagroup.com\/pt-pt\/#\/schema\/person\/image\/\",\"url\":\"https:\/\/secure.gravatar.com\/avatar\/a227aa2f29ffbe05d3231b3b5321ece192f2b350ca7ad77fbdaf3516b912dab5?s=96&d=mm&r=g\",\"contentUrl\":\"https:\/\/secure.gravatar.com\/avatar\/a227aa2f29ffbe05d3231b3b5321ece192f2b350ca7ad77fbdaf3516b912dab5?s=96&d=mm&r=g\",\"caption\":\"DigitalPestana\"},\"url\":\"https:\/\/www.pestanagroup.com\/pt-pt\/author\/digitalpestana\/\"}]}<\/script>\n<!-- \/ Yoast SEO plugin. -->","yoast_head_json":{"title":"PESTANA HOTEL GROUP ABRE PRIMEIRO HOTEL NA CAPITAL ESPANHOLA - Grupo Pestana","robots":{"index":"index","follow":"follow","max-snippet":"max-snippet:-1","max-image-preview":"max-image-preview:large","max-video-preview":"max-video-preview:-1"},"canonical":"https:\/\/www.pestanagroup.com\/pt-pt\/pestana-hotel-group-abre-primeiro-hotel-na-capital-espanhola\/","og_locale":"pt_PT","og_type":"article","og_title":"PESTANA HOTEL GROUP ABRE PRIMEIRO HOTEL NA CAPITAL ESPANHOLA - Grupo Pestana","og_description":"Madrid recebe Pestana Plaza Mayor Madrid \u00a0a 13 de maio O Pestana Hotel Group abre na pr\u00f3xima segunda-feira, dia 13 de maio, o seu primeiro hotel em Madrid, o Pestana Plaza Mayor Madrid, integrado na marca Pestana Collection Hotels, a mais exclusiva do grupo, e resultante da reconvers\u00e3o de dois edif\u00edcios hist\u00f3ricos localizados numa das... Ver artigo","og_url":"https:\/\/www.pestanagroup.com\/pt-pt\/pestana-hotel-group-abre-primeiro-hotel-na-capital-espanhola\/","og_site_name":"Grupo Pestana","article_published_time":"2019-05-08T15:35:39+00:00","article_modified_time":"2023-01-11T13:01:10+00:00","og_image":[{"width":1175,"height":783,"url":"https:\/\/www.pestanagroup.com\/wp-content\/uploads\/2019\/03\/03-Hotel-Pestana-Plaza-Mayor-OCT18-1175x783.jpg","type":"image\/jpeg"}],"author":"DigitalPestana","twitter_card":"summary_large_image","twitter_misc":{"Escrito por":"DigitalPestana","Tempo estimado de leitura":"5 minutos"},"schema":{"@context":"https:\/\/schema.org","@graph":[{"@type":"WebPage","@id":"https:\/\/www.pestanagroup.com\/pt-pt\/pestana-hotel-group-abre-primeiro-hotel-na-capital-espanhola\/","url":"https:\/\/www.pestanagroup.com\/pt-pt\/pestana-hotel-group-abre-primeiro-hotel-na-capital-espanhola\/","name":"PESTANA HOTEL GROUP ABRE PRIMEIRO HOTEL NA CAPITAL ESPANHOLA - Grupo Pestana","isPartOf":{"@id":"https:\/\/www.pestanagroup.com\/pt-pt\/#website"},"primaryImageOfPage":{"@id":"https:\/\/www.pestanagroup.com\/pt-pt\/pestana-hotel-group-abre-primeiro-hotel-na-capital-espanhola\/#primaryimage"},"image":{"@id":"https:\/\/www.pestanagroup.com\/pt-pt\/pestana-hotel-group-abre-primeiro-hotel-na-capital-espanhola\/#primaryimage"},"thumbnailUrl":"https:\/\/www.pestanagroup.com\/wp-content\/uploads\/2019\/03\/03-Hotel-Pestana-Plaza-Mayor-OCT18.jpg","datePublished":"2019-05-08T15:35:39+00:00","dateModified":"2023-01-11T13:01:10+00:00","author":{"@id":"https:\/\/www.pestanagroup.com\/pt-pt\/#\/schema\/person\/6f0b4c8f1089243e3d2fcbce8db8009a"},"inLanguage":"pt-PT","potentialAction":[{"@type":"ReadAction","target":["https:\/\/www.pestanagroup.com\/pt-pt\/pestana-hotel-group-abre-primeiro-hotel-na-capital-espanhola\/"]}]},{"@type":"ImageObject","inLanguage":"pt-PT","@id":"https:\/\/www.pestanagroup.com\/pt-pt\/pestana-hotel-group-abre-primeiro-hotel-na-capital-espanhola\/#primaryimage","url":"https:\/\/www.pestanagroup.com\/wp-content\/uploads\/2019\/03\/03-Hotel-Pestana-Plaza-Mayor-OCT18.jpg","contentUrl":"https:\/\/www.pestanagroup.com\/wp-content\/uploads\/2019\/03\/03-Hotel-Pestana-Plaza-Mayor-OCT18.jpg","width":2500,"height":1667},{"@type":"WebSite","@id":"https:\/\/www.pestanagroup.com\/pt-pt\/#website","url":"https:\/\/www.pestanagroup.com\/pt-pt\/","name":"Grupo Pestana","description":"The Time of Your Life","potentialAction":[{"@type":"SearchAction","target":{"@type":"EntryPoint","urlTemplate":"https:\/\/www.pestanagroup.com\/pt-pt\/?s={search_term_string}"},"query-input":{"@type":"PropertyValueSpecification","valueRequired":true,"valueName":"search_term_string"}}],"inLanguage":"pt-PT"},{"@type":"Person","@id":"https:\/\/www.pestanagroup.com\/pt-pt\/#\/schema\/person\/6f0b4c8f1089243e3d2fcbce8db8009a","name":"DigitalPestana","image":{"@type":"ImageObject","inLanguage":"pt-PT","@id":"https:\/\/www.pestanagroup.com\/pt-pt\/#\/schema\/person\/image\/","url":"https:\/\/secure.gravatar.com\/avatar\/a227aa2f29ffbe05d3231b3b5321ece192f2b350ca7ad77fbdaf3516b912dab5?s=96&d=mm&r=g","contentUrl":"https:\/\/secure.gravatar.com\/avatar\/a227aa2f29ffbe05d3231b3b5321ece192f2b350ca7ad77fbdaf3516b912dab5?s=96&d=mm&r=g","caption":"DigitalPestana"},"url":"https:\/\/www.pestanagroup.com\/pt-pt\/author\/digitalpestana\/"}]}},"publishpress_future_action":{"enabled":false,"date":"2026-05-07 19:50:55","action":"change-status","newStatus":"draft","terms":[],"taxonomy":"category"},"publishpress_future_workflow_manual_trigger":{"enabledWorkflows":[]},"_links":{"self":[{"href":"https:\/\/www.pestanagroup.com\/pt-pt\/wp-json\/wp\/v2\/posts\/2624","targetHints":{"allow":["GET"]}}],"collection":[{"href":"https:\/\/www.pestanagroup.com\/pt-pt\/wp-json\/wp\/v2\/posts"}],"about":[{"href":"https:\/\/www.pestanagroup.com\/pt-pt\/wp-json\/wp\/v2\/types\/post"}],"author":[{"embeddable":true,"href":"https:\/\/www.pestanagroup.com\/pt-pt\/wp-json\/wp\/v2\/users\/33"}],"replies":[{"embeddable":true,"href":"https:\/\/www.pestanagroup.com\/pt-pt\/wp-json\/wp\/v2\/comments?post=2624"}],"version-history":[{"count":2,"href":"https:\/\/www.pestanagroup.com\/pt-pt\/wp-json\/wp\/v2\/posts\/2624\/revisions"}],"predecessor-version":[{"id":5042,"href":"https:\/\/www.pestanagroup.com\/pt-pt\/wp-json\/wp\/v2\/posts\/2624\/revisions\/5042"}],"wp:featuredmedia":[{"embeddable":true,"href":"https:\/\/www.pestanagroup.com\/pt-pt\/wp-json\/wp\/v2\/media\/2498"}],"wp:attachment":[{"href":"https:\/\/www.pestanagroup.com\/pt-pt\/wp-json\/wp\/v2\/media?parent=2624"}],"wp:term":[{"taxonomy":"category","embeddable":true,"href":"https:\/\/www.pestanagroup.com\/pt-pt\/wp-json\/wp\/v2\/categories?post=2624"},{"taxonomy":"post_tag","embeddable":true,"href":"https:\/\/www.pestanagroup.com\/pt-pt\/wp-json\/wp\/v2\/tags?post=2624"}],"curies":[{"name":"wp","href":"https:\/\/api.w.org\/{rel}","templated":true}]}}