{"id":2464,"date":"2019-02-21T14:43:07","date_gmt":"2019-02-21T14:43:07","guid":{"rendered":"https:\/\/www.pestanagroup.com\/?p=2464"},"modified":"2023-01-11T13:01:08","modified_gmt":"2023-01-11T13:01:08","slug":"equipamentos-atrativos-turisticos-e-hoteis-sao-premiados-pela-prefeitura-de-salvador","status":"publish","type":"post","link":"https:\/\/www.pestanagroup.com\/pt-pt\/equipamentos-atrativos-turisticos-e-hoteis-sao-premiados-pela-prefeitura-de-salvador\/","title":{"rendered":"Equipamentos, atrativos tur\u00edsticos e hot\u00e9is s\u00e3o premiados pela Prefeitura de Salvador"},"content":{"rendered":"<p>Os hot\u00e9is, equipamentos e atrativos tur\u00edsticos de Salvador mais bem avaliados em 2018, atrav\u00e9s do Programa de Otimiza\u00e7\u00e3o de Performance (POP), foram premiados na manh\u00e3 desta ter\u00e7a-feira (19), em evento realizado pela Prefeitura, por meio da Secretaria Municipal de Cultura e Turismo (Secult), no Hub Salvador, localizado no bairro do Com\u00e9rcio. Essa foi a primeira edi\u00e7\u00e3o do Pr\u00eamio POP, lan\u00e7ado na ocasi\u00e3o.<\/p>\n<p>&nbsp;<\/p>\n<p>Dividido em quatro categorias, sendo &#8220;Hot\u00e9is de at\u00e9 50 apartamentos&#8221;, &#8220;Hot\u00e9is entre 51 e 150 apartamentos&#8221;; &#8220;Hot\u00e9is com mais de 150 apartamentos&#8221; e &#8220;Equipamentos e atrativos tur\u00edsticos&#8221;, cerca de 121 espa\u00e7os, concorreram \u00e0s melhores posi\u00e7\u00f5es. Os tr\u00eas primeiros lugares de cada categoria receberam um trof\u00e9u e um Certificado de Excel\u00eancia. Os demais finalistas ganharam um Certificado de Excel\u00eancia.<\/p>\n<p>&nbsp;<\/p>\n<p>Na categoria &#8220;Equipamentos e atrativos tur\u00edsticos&#8221;, a Casa do Rio Vermelho ficou em primeiro lugar, seguido da Casa do Carnaval e da Ilha dos Frades, respectivamente no segundo e terceiro lugares. O Forte de Santo Ant\u00f4nio da Barra \u2013 Museu N\u00e1utico (4\u00ba), o Espa\u00e7o Cultural da Barroquinha (5\u00ba) e o Mercado Modelo (6\u00ba) completaram as coloca\u00e7\u00f5es.<\/p>\n<p>&nbsp;<\/p>\n<p>Entre os &#8220;Hot\u00e9is com at\u00e9 50 apartamentos&#8221;, o Hotel Casa do Amarelindo, a Pousada Solar dos Deuses e o The Hostel Salvador conquistaram, respectivamente, o primeiro, segundo e terceiro lugares. Os estabelecimentos foram seguidos do Aram Yami Hotel (4\u00ba), Hotel Nacional Inn Salvador (5\u00ba) e Studio do Carmo Hotel Boutique (6\u00ba).<\/p>\n<p>&nbsp;<\/p>\n<p>Na categoria &#8220;Hot\u00e9is entre 51 a 150 apartamentos&#8221;, o \u00a0Pestana Hotel Group conquistou o primeiro lugar, e o Fera Palace Hotel e o Monte Pascoal Praia Hotel apareceram na sequ\u00eancia. Tamb\u00e9m fizeram parte do ranking o Hotel Bahia do Sol (4\u00ba), Hotel Golden Park Salvador (5\u00ba) e Mar Brasil Hotel (6\u00ba).<\/p>\n<p>&nbsp;<\/p>\n<p>Finalizando a lista dos premiados, na categoria &#8220;Hot\u00e9is com mais de 150 apartamentos&#8221;, o Fiesta Bahia Hotel ficou com o primeiro lugar. O Wish Hotel da Bahia e o Hotel Deville Prime Salvador ficaram nas coloca\u00e7\u00f5es seguintes. O Mercure Salvador Boulevard ficou com a quarta coloca\u00e7\u00e3o, seguidos do S\u00e3o Salvador Hot\u00e9is e Conven\u00e7\u00f5es (5\u00ba) e Portobello Ondina Praia Hotel (6\u00ba).<\/p>\n<p>&nbsp;<\/p>\n<p>Segundo o gestor da Secult, Claudio Tinoco, foi buscada uma ferramenta que pudesse oferecer um instrumento de an\u00e1lise do desempenho dos hot\u00e9is e equipamentos de Salvador. Isso foi poss\u00edvel atrav\u00e9s do sistema Global Review Index (GRI) da ReviewPro, empresa mundial que atende a mais 30 mil hot\u00e9is em 150 pa\u00edses, tornando Salvador a primeira cidade brasileira a dispor desta tecnologia.<\/p>\n<p>&nbsp;<\/p>\n<p>\u201cEm apenas um ano conseguimos construir resultados extraordin\u00e1rios. Essas avalia\u00e7\u00f5es contribuem com a melhoria dos resultados dos neg\u00f3cios e ajudam a constatar o que pode ser aperfei\u00e7oado. \u00c9 uma inova\u00e7\u00e3o tecnol\u00f3gica que visa n\u00e3o s\u00f3 resultado da rede hoteleira, mas tamb\u00e9m do destino Salvador\u201d, afirmou o gestor. \u201c\u00c9 um momento de celebra\u00e7\u00e3o. Estamos oferecendo essa premia\u00e7\u00e3o como forma de reconhecimento aos Hot\u00e9is e Equipamentos pela ades\u00e3o, participa\u00e7\u00e3o, desempenho e trabalho realizado\u201d, acrescentou.<\/p>\n<p>&nbsp;<\/p>\n<p>\u00danico hostel que concorria entre grandes hot\u00e9is, o The Hostel Salvador alcan\u00e7ou o terceiro lugar na categoria at\u00e9 cinquenta apartamentos. O espa\u00e7o trabalha com o turismo colaborativo, acolhendo os h\u00f3spedes como se estivessem em suas pr\u00f3prias casas, onde t\u00eam responsabilidades domiciliares como cozinhar, lavar as pr\u00f3prias lou\u00e7as e limpar os quartos e espa\u00e7os. \u201cN\u00f3s fazemos um trabalho totalmente diferente do que \u00e9 feito dentro do campo dos hot\u00e9is. Al\u00e9m da nossa forma de receber os h\u00f3spedes, trabalhamos com volunt\u00e1rios que n\u00e3o s\u00e3o funcion\u00e1rios. Eles v\u00eam e trocam hospedagens. Esse pr\u00eamio \u00e9 incr\u00edvel e me deixou muito surpresa e feliz\u201d, afirmou Aimee Almeida, l\u00edder de recep\u00e7\u00e3o do espa\u00e7o.<\/p>\n<p>&nbsp;<\/p>\n<p>Respons\u00e1vel pela Casa do Rio vermelho, Maria Jo\u00e3o Amado ressalta o reconhecimento do trabalho feito num dos memoriais entregues pela atual gest\u00e3o municipal. \u201c\u00c9 muito importante esse reconhecimento porque a gente tem a certeza que estamos fazendo um bom trabalho. Temos uma equipe que ama o que faz e que est\u00e1 em constante melhora. Receber esse pr\u00eamio \u00e9 a prova que estamos no caminho certo\u201d, disse.<\/p>\n<p>&nbsp;<\/p>\n<p>\u201cMonitoramos o nosso trabalho atrav\u00e9s dessa ferramenta e ser premiado pelo trabalho que fazemos \u00e9 um reconhecimento pela dedica\u00e7\u00e3o e preocupa\u00e7\u00e3o que temos com nossos h\u00f3spedes e com Salvador. \u00c9 uma sensa\u00e7\u00e3o de dever cumprido\u201d, declarou a gerente de Opera\u00e7\u00f5es (Taianne Leony) do Pestana Hotel Group em Salvador, onde gere o Pestana Bahia Lodge e Pestana Convento do Carmo.<\/p>\n<p>&nbsp;<\/p>\n<p>Crit\u00e9rios de avalia\u00e7\u00e3o \u2013 Os crit\u00e9rios de avalia\u00e7\u00e3o para os hot\u00e9is foram o tempo de resposta do gerente, o percentual de resenhas respondidas e o \u00edndice POP (Global Review Index \u2013 GRI). Este \u00e9 um algoritmo que mede o \u00edndice de satisfa\u00e7\u00e3o do visitante a partir de uma an\u00e1lise sem\u00e2ntica das resenhas online. O GRI \u00e9 respons\u00e1vel por medir e classificar a reputa\u00e7\u00e3o dos itens avaliados no destino Salvador, garantindo uma vis\u00e3o detalhada a respeito da percep\u00e7\u00e3o do turista sobre a experi\u00eancia na capital baiana. A categoria Equipamentos e Atrativos Tur\u00edsticos teve como crit\u00e9rio de avalia\u00e7\u00e3o o \u00edndice POP.<\/p>\n<p>&nbsp;<\/p>\n<p>O POP \u2013 Programa de Otimiza\u00e7\u00e3o de Performance \u2013, lan\u00e7ado pela Prefeitura de Salvador em dezembro de 2017, monitora as avalia\u00e7\u00f5es de 84 hot\u00e9is e 37 principais atrativos tur\u00edsticos da capital baiana, atrav\u00e9s de coment\u00e1rios dos visitantes em mais de 175 sites e ag\u00eancias online de turismo de 145 pa\u00edses, e em 45 idiomas. Salvador \u00e9 primeira cidade brasileira a dispor desta tecnologia, disponibilizada pela empresa espanhola ReviewPro, que atua na captura, processamento e monitoramento de opini\u00f5es p\u00fablicas, em tempo real.<\/p>\n","protected":false},"excerpt":{"rendered":"Os hot\u00e9is, equipamentos e atrativos tur\u00edsticos de Salvador mais bem avaliados em 2018, atrav\u00e9s do Programa de Otimiza\u00e7\u00e3o de Performance (POP), foram premiados na manh\u00e3 desta ter\u00e7a-feira (19), em evento realizado pela Prefeitura, por meio da Secretaria Municipal de Cultura e Turismo (Secult), no Hub Salvador, localizado no bairro do Com\u00e9rcio. Essa foi a primeira&#8230; <a class=\"view-article\" href=\"https:\/\/www.pestanagroup.com\/pt-pt\/equipamentos-atrativos-turisticos-e-hoteis-sao-premiados-pela-prefeitura-de-salvador\/\">Ver artigo<\/a>","protected":false},"author":33,"featured_media":2465,"comment_status":"open","ping_status":"open","sticky":false,"template":"","format":"standard","meta":{"footnotes":""},"categories":[87],"tags":[],"class_list":["post-2464","post","type-post","status-publish","format-standard","has-post-thumbnail","hentry","category-press-release-media"],"yoast_head":"<!-- This site is optimized with the Yoast SEO plugin v25.4 - https:\/\/yoast.com\/wordpress\/plugins\/seo\/ -->\n<title>Equipamentos, atrativos tur\u00edsticos e hot\u00e9is s\u00e3o premiados pela Prefeitura de Salvador - Grupo Pestana<\/title>\n<meta name=\"robots\" content=\"index, follow, max-snippet:-1, max-image-preview:large, max-video-preview:-1\" \/>\n<link rel=\"canonical\" href=\"https:\/\/www.pestanagroup.com\/pt-pt\/equipamentos-atrativos-turisticos-e-hoteis-sao-premiados-pela-prefeitura-de-salvador\/\" \/>\n<meta property=\"og:locale\" content=\"pt_PT\" \/>\n<meta property=\"og:type\" content=\"article\" \/>\n<meta property=\"og:title\" content=\"Equipamentos, atrativos tur\u00edsticos e hot\u00e9is s\u00e3o premiados pela Prefeitura de Salvador - Grupo Pestana\" \/>\n<meta property=\"og:description\" content=\"Os hot\u00e9is, equipamentos e atrativos tur\u00edsticos de Salvador mais bem avaliados em 2018, atrav\u00e9s do Programa de Otimiza\u00e7\u00e3o de Performance (POP), foram premiados na manh\u00e3 desta ter\u00e7a-feira (19), em evento realizado pela Prefeitura, por meio da Secretaria Municipal de Cultura e Turismo (Secult), no Hub Salvador, localizado no bairro do Com\u00e9rcio. Essa foi a primeira... Ver artigo\" \/>\n<meta property=\"og:url\" content=\"https:\/\/www.pestanagroup.com\/pt-pt\/equipamentos-atrativos-turisticos-e-hoteis-sao-premiados-pela-prefeitura-de-salvador\/\" \/>\n<meta property=\"og:site_name\" content=\"Grupo Pestana\" \/>\n<meta property=\"article:published_time\" content=\"2019-02-21T14:43:07+00:00\" \/>\n<meta property=\"article:modified_time\" content=\"2023-01-11T13:01:08+00:00\" \/>\n<meta property=\"og:image\" content=\"https:\/\/www.pestanagroup.com\/wp-content\/uploads\/2019\/02\/19_02_2019_Premiacao-Programa-de-Otimizacao-de-Performance_Fot-Bruno-Concha_Secom_Pms-15.jpg\" \/>\n\t<meta property=\"og:image:width\" content=\"3381\" \/>\n\t<meta property=\"og:image:height\" content=\"2214\" \/>\n\t<meta property=\"og:image:type\" content=\"image\/jpeg\" \/>\n<meta name=\"author\" content=\"DigitalPestana\" \/>\n<meta name=\"twitter:card\" content=\"summary_large_image\" \/>\n<meta name=\"twitter:label1\" content=\"Escrito por\" \/>\n\t<meta name=\"twitter:data1\" content=\"DigitalPestana\" \/>\n\t<meta name=\"twitter:label2\" content=\"Tempo estimado de leitura\" \/>\n\t<meta name=\"twitter:data2\" content=\"5 minutos\" \/>\n<script type=\"application\/ld+json\" class=\"yoast-schema-graph\">{\"@context\":\"https:\/\/schema.org\",\"@graph\":[{\"@type\":\"WebPage\",\"@id\":\"https:\/\/www.pestanagroup.com\/pt-pt\/equipamentos-atrativos-turisticos-e-hoteis-sao-premiados-pela-prefeitura-de-salvador\/\",\"url\":\"https:\/\/www.pestanagroup.com\/pt-pt\/equipamentos-atrativos-turisticos-e-hoteis-sao-premiados-pela-prefeitura-de-salvador\/\",\"name\":\"Equipamentos, atrativos tur\u00edsticos e hot\u00e9is s\u00e3o premiados pela Prefeitura de Salvador - Grupo Pestana\",\"isPartOf\":{\"@id\":\"https:\/\/www.pestanagroup.com\/pt-pt\/#website\"},\"primaryImageOfPage\":{\"@id\":\"https:\/\/www.pestanagroup.com\/pt-pt\/equipamentos-atrativos-turisticos-e-hoteis-sao-premiados-pela-prefeitura-de-salvador\/#primaryimage\"},\"image\":{\"@id\":\"https:\/\/www.pestanagroup.com\/pt-pt\/equipamentos-atrativos-turisticos-e-hoteis-sao-premiados-pela-prefeitura-de-salvador\/#primaryimage\"},\"thumbnailUrl\":\"https:\/\/www.pestanagroup.com\/wp-content\/uploads\/2019\/02\/19_02_2019_Premiacao-Programa-de-Otimizacao-de-Performance_Fot-Bruno-Concha_Secom_Pms-15.jpg\",\"datePublished\":\"2019-02-21T14:43:07+00:00\",\"dateModified\":\"2023-01-11T13:01:08+00:00\",\"author\":{\"@id\":\"https:\/\/www.pestanagroup.com\/pt-pt\/#\/schema\/person\/6f0b4c8f1089243e3d2fcbce8db8009a\"},\"inLanguage\":\"pt-PT\",\"potentialAction\":[{\"@type\":\"ReadAction\",\"target\":[\"https:\/\/www.pestanagroup.com\/pt-pt\/equipamentos-atrativos-turisticos-e-hoteis-sao-premiados-pela-prefeitura-de-salvador\/\"]}]},{\"@type\":\"ImageObject\",\"inLanguage\":\"pt-PT\",\"@id\":\"https:\/\/www.pestanagroup.com\/pt-pt\/equipamentos-atrativos-turisticos-e-hoteis-sao-premiados-pela-prefeitura-de-salvador\/#primaryimage\",\"url\":\"https:\/\/www.pestanagroup.com\/wp-content\/uploads\/2019\/02\/19_02_2019_Premiacao-Programa-de-Otimizacao-de-Performance_Fot-Bruno-Concha_Secom_Pms-15.jpg\",\"contentUrl\":\"https:\/\/www.pestanagroup.com\/wp-content\/uploads\/2019\/02\/19_02_2019_Premiacao-Programa-de-Otimizacao-de-Performance_Fot-Bruno-Concha_Secom_Pms-15.jpg\",\"width\":3381,\"height\":2214},{\"@type\":\"WebSite\",\"@id\":\"https:\/\/www.pestanagroup.com\/pt-pt\/#website\",\"url\":\"https:\/\/www.pestanagroup.com\/pt-pt\/\",\"name\":\"Grupo Pestana\",\"description\":\"The Time of Your Life\",\"potentialAction\":[{\"@type\":\"SearchAction\",\"target\":{\"@type\":\"EntryPoint\",\"urlTemplate\":\"https:\/\/www.pestanagroup.com\/pt-pt\/?s={search_term_string}\"},\"query-input\":{\"@type\":\"PropertyValueSpecification\",\"valueRequired\":true,\"valueName\":\"search_term_string\"}}],\"inLanguage\":\"pt-PT\"},{\"@type\":\"Person\",\"@id\":\"https:\/\/www.pestanagroup.com\/pt-pt\/#\/schema\/person\/6f0b4c8f1089243e3d2fcbce8db8009a\",\"name\":\"DigitalPestana\",\"image\":{\"@type\":\"ImageObject\",\"inLanguage\":\"pt-PT\",\"@id\":\"https:\/\/www.pestanagroup.com\/pt-pt\/#\/schema\/person\/image\/\",\"url\":\"https:\/\/secure.gravatar.com\/avatar\/a227aa2f29ffbe05d3231b3b5321ece192f2b350ca7ad77fbdaf3516b912dab5?s=96&d=mm&r=g\",\"contentUrl\":\"https:\/\/secure.gravatar.com\/avatar\/a227aa2f29ffbe05d3231b3b5321ece192f2b350ca7ad77fbdaf3516b912dab5?s=96&d=mm&r=g\",\"caption\":\"DigitalPestana\"},\"url\":\"https:\/\/www.pestanagroup.com\/pt-pt\/author\/digitalpestana\/\"}]}<\/script>\n<!-- \/ Yoast SEO plugin. -->","yoast_head_json":{"title":"Equipamentos, atrativos tur\u00edsticos e hot\u00e9is s\u00e3o premiados pela Prefeitura de Salvador - Grupo Pestana","robots":{"index":"index","follow":"follow","max-snippet":"max-snippet:-1","max-image-preview":"max-image-preview:large","max-video-preview":"max-video-preview:-1"},"canonical":"https:\/\/www.pestanagroup.com\/pt-pt\/equipamentos-atrativos-turisticos-e-hoteis-sao-premiados-pela-prefeitura-de-salvador\/","og_locale":"pt_PT","og_type":"article","og_title":"Equipamentos, atrativos tur\u00edsticos e hot\u00e9is s\u00e3o premiados pela Prefeitura de Salvador - Grupo Pestana","og_description":"Os hot\u00e9is, equipamentos e atrativos tur\u00edsticos de Salvador mais bem avaliados em 2018, atrav\u00e9s do Programa de Otimiza\u00e7\u00e3o de Performance (POP), foram premiados na manh\u00e3 desta ter\u00e7a-feira (19), em evento realizado pela Prefeitura, por meio da Secretaria Municipal de Cultura e Turismo (Secult), no Hub Salvador, localizado no bairro do Com\u00e9rcio. Essa foi a primeira... Ver artigo","og_url":"https:\/\/www.pestanagroup.com\/pt-pt\/equipamentos-atrativos-turisticos-e-hoteis-sao-premiados-pela-prefeitura-de-salvador\/","og_site_name":"Grupo Pestana","article_published_time":"2019-02-21T14:43:07+00:00","article_modified_time":"2023-01-11T13:01:08+00:00","og_image":[{"width":3381,"height":2214,"url":"https:\/\/www.pestanagroup.com\/wp-content\/uploads\/2019\/02\/19_02_2019_Premiacao-Programa-de-Otimizacao-de-Performance_Fot-Bruno-Concha_Secom_Pms-15.jpg","type":"image\/jpeg"}],"author":"DigitalPestana","twitter_card":"summary_large_image","twitter_misc":{"Escrito por":"DigitalPestana","Tempo estimado de leitura":"5 minutos"},"schema":{"@context":"https:\/\/schema.org","@graph":[{"@type":"WebPage","@id":"https:\/\/www.pestanagroup.com\/pt-pt\/equipamentos-atrativos-turisticos-e-hoteis-sao-premiados-pela-prefeitura-de-salvador\/","url":"https:\/\/www.pestanagroup.com\/pt-pt\/equipamentos-atrativos-turisticos-e-hoteis-sao-premiados-pela-prefeitura-de-salvador\/","name":"Equipamentos, atrativos tur\u00edsticos e hot\u00e9is s\u00e3o premiados pela Prefeitura de Salvador - Grupo Pestana","isPartOf":{"@id":"https:\/\/www.pestanagroup.com\/pt-pt\/#website"},"primaryImageOfPage":{"@id":"https:\/\/www.pestanagroup.com\/pt-pt\/equipamentos-atrativos-turisticos-e-hoteis-sao-premiados-pela-prefeitura-de-salvador\/#primaryimage"},"image":{"@id":"https:\/\/www.pestanagroup.com\/pt-pt\/equipamentos-atrativos-turisticos-e-hoteis-sao-premiados-pela-prefeitura-de-salvador\/#primaryimage"},"thumbnailUrl":"https:\/\/www.pestanagroup.com\/wp-content\/uploads\/2019\/02\/19_02_2019_Premiacao-Programa-de-Otimizacao-de-Performance_Fot-Bruno-Concha_Secom_Pms-15.jpg","datePublished":"2019-02-21T14:43:07+00:00","dateModified":"2023-01-11T13:01:08+00:00","author":{"@id":"https:\/\/www.pestanagroup.com\/pt-pt\/#\/schema\/person\/6f0b4c8f1089243e3d2fcbce8db8009a"},"inLanguage":"pt-PT","potentialAction":[{"@type":"ReadAction","target":["https:\/\/www.pestanagroup.com\/pt-pt\/equipamentos-atrativos-turisticos-e-hoteis-sao-premiados-pela-prefeitura-de-salvador\/"]}]},{"@type":"ImageObject","inLanguage":"pt-PT","@id":"https:\/\/www.pestanagroup.com\/pt-pt\/equipamentos-atrativos-turisticos-e-hoteis-sao-premiados-pela-prefeitura-de-salvador\/#primaryimage","url":"https:\/\/www.pestanagroup.com\/wp-content\/uploads\/2019\/02\/19_02_2019_Premiacao-Programa-de-Otimizacao-de-Performance_Fot-Bruno-Concha_Secom_Pms-15.jpg","contentUrl":"https:\/\/www.pestanagroup.com\/wp-content\/uploads\/2019\/02\/19_02_2019_Premiacao-Programa-de-Otimizacao-de-Performance_Fot-Bruno-Concha_Secom_Pms-15.jpg","width":3381,"height":2214},{"@type":"WebSite","@id":"https:\/\/www.pestanagroup.com\/pt-pt\/#website","url":"https:\/\/www.pestanagroup.com\/pt-pt\/","name":"Grupo Pestana","description":"The Time of Your Life","potentialAction":[{"@type":"SearchAction","target":{"@type":"EntryPoint","urlTemplate":"https:\/\/www.pestanagroup.com\/pt-pt\/?s={search_term_string}"},"query-input":{"@type":"PropertyValueSpecification","valueRequired":true,"valueName":"search_term_string"}}],"inLanguage":"pt-PT"},{"@type":"Person","@id":"https:\/\/www.pestanagroup.com\/pt-pt\/#\/schema\/person\/6f0b4c8f1089243e3d2fcbce8db8009a","name":"DigitalPestana","image":{"@type":"ImageObject","inLanguage":"pt-PT","@id":"https:\/\/www.pestanagroup.com\/pt-pt\/#\/schema\/person\/image\/","url":"https:\/\/secure.gravatar.com\/avatar\/a227aa2f29ffbe05d3231b3b5321ece192f2b350ca7ad77fbdaf3516b912dab5?s=96&d=mm&r=g","contentUrl":"https:\/\/secure.gravatar.com\/avatar\/a227aa2f29ffbe05d3231b3b5321ece192f2b350ca7ad77fbdaf3516b912dab5?s=96&d=mm&r=g","caption":"DigitalPestana"},"url":"https:\/\/www.pestanagroup.com\/pt-pt\/author\/digitalpestana\/"}]}},"publishpress_future_action":{"enabled":false,"date":"2026-05-08 05:50:31","action":"change-status","newStatus":"draft","terms":[],"taxonomy":"category"},"publishpress_future_workflow_manual_trigger":{"enabledWorkflows":[]},"_links":{"self":[{"href":"https:\/\/www.pestanagroup.com\/pt-pt\/wp-json\/wp\/v2\/posts\/2464","targetHints":{"allow":["GET"]}}],"collection":[{"href":"https:\/\/www.pestanagroup.com\/pt-pt\/wp-json\/wp\/v2\/posts"}],"about":[{"href":"https:\/\/www.pestanagroup.com\/pt-pt\/wp-json\/wp\/v2\/types\/post"}],"author":[{"embeddable":true,"href":"https:\/\/www.pestanagroup.com\/pt-pt\/wp-json\/wp\/v2\/users\/33"}],"replies":[{"embeddable":true,"href":"https:\/\/www.pestanagroup.com\/pt-pt\/wp-json\/wp\/v2\/comments?post=2464"}],"version-history":[{"count":2,"href":"https:\/\/www.pestanagroup.com\/pt-pt\/wp-json\/wp\/v2\/posts\/2464\/revisions"}],"predecessor-version":[{"id":5034,"href":"https:\/\/www.pestanagroup.com\/pt-pt\/wp-json\/wp\/v2\/posts\/2464\/revisions\/5034"}],"wp:featuredmedia":[{"embeddable":true,"href":"https:\/\/www.pestanagroup.com\/pt-pt\/wp-json\/wp\/v2\/media\/2465"}],"wp:attachment":[{"href":"https:\/\/www.pestanagroup.com\/pt-pt\/wp-json\/wp\/v2\/media?parent=2464"}],"wp:term":[{"taxonomy":"category","embeddable":true,"href":"https:\/\/www.pestanagroup.com\/pt-pt\/wp-json\/wp\/v2\/categories?post=2464"},{"taxonomy":"post_tag","embeddable":true,"href":"https:\/\/www.pestanagroup.com\/pt-pt\/wp-json\/wp\/v2\/tags?post=2464"}],"curies":[{"name":"wp","href":"https:\/\/api.w.org\/{rel}","templated":true}]}}