{"id":2337,"date":"2018-09-12T18:14:38","date_gmt":"2018-09-12T17:14:38","guid":{"rendered":"https:\/\/www.pestanagroup.com\/?p=2337"},"modified":"2023-01-11T13:00:58","modified_gmt":"2023-01-11T13:00:58","slug":"pestana-hotel-group-e-cristiano-ronaldo-abrem-hotel-em-paris","status":"publish","type":"post","link":"https:\/\/www.pestanagroup.com\/pt-pt\/pestana-hotel-group-e-cristiano-ronaldo-abrem-hotel-em-paris\/","title":{"rendered":"PESTANA HOTEL GROUP E CRISTIANO RONALDO  ABREM HOTEL EM PARIS"},"content":{"rendered":"<p><u>Pestana CR7 Paris \u00e9 a unidade hoteleira com maior capacidade da marca<\/u><\/p>\n<p>O Pestana Hotel Group e o futebolista Cristiano Ronaldo v\u00e3o abrir, em Paris, o sexto hotel da marca Pestana CR7 Lifestyle Hotels.<\/p>\n<p>&nbsp;<\/p>\n<p>Com quatro estrelas e 210 quartos, a nova unidade hoteleira da marca \u00e9 a que tem maior capacidade at\u00e9 \u00e0 data e est\u00e1 localizada na Rive Gauche, pr\u00f3ximo do Sena, entre as gares de Austerlitz e Lyon. Mais detalhes sobre a localiza\u00e7\u00e3o exacta e o desenvolvimento do projecto ser\u00e3o divulgados oportunamente.<\/p>\n<p>&nbsp;<\/p>\n<p>Com um investimento de 60 milh\u00f5es de euros, o Pestana CR7 Paris Lifestyle Hotels tem abertura marcada para 2021, estando numa fase preliminar do seu licenciamento.<\/p>\n<p>&nbsp;<\/p>\n<p>\u00c0 semelhan\u00e7a das outras 5 unidades hoteleiras da marca Pestana CR7 Lifestyle Hotels, esta \u00e9 uma parceria de investimento 50-50 entre o Pestana Hotel Group e Cristiano Ronaldo, na qual a gest\u00e3o fica a cargo do maior grupo hoteleiro portugu\u00eas.<\/p>\n<p>&nbsp;<\/p>\n<p>Sobre esta nova unidade, Cristiano Ronaldo afirma que \u201cfaz todo o sentido a marca Pestana CR7 implementar-se em Paris, uma das cidades mais visitadas do mundo e um destino que faz o <em>match<\/em> perfeito com o conceito de eleg\u00e2ncia e sofistica\u00e7\u00e3o da marca\u201d.<\/p>\n<p>Jos\u00e9 Roquette, Chief Development Officer do Pestana Hotel Group refere ainda que \u201c\u00e9 um enorme orgulho ver a afirma\u00e7\u00e3o da marca Pestana CR7 Lifestyle Hotels nos principais destinos tur\u00edsticos mundiais. Com esta conquista rumamos \u00e0 duplica\u00e7\u00e3o do portef\u00f3lio da marca, com uma expans\u00e3o maioritariamente internacional que refor\u00e7a a sua visibilidade global\u201d.<\/p>\n<p>&nbsp;<\/p>\n<p><strong>Sobre a marca Pestana CR7<\/strong><\/p>\n<p>Atualmente a marca Pestana CR7 Lifestyle Hotels conta com duas unidades: Lisboa e Funchal, estando previstas as aberturas em Madrid, Nova Iorque, Marraquexe e Paris. No total s\u00e3o cerca de 800 quartos, localizados em seis destinos ic\u00f3nicos e de reconhecida sustentabilidade tur\u00edstica.\u00a0 A marca CR7 \u00e9 a principal fonte de inspira\u00e7\u00e3o para os seis hot\u00e9is com um conceito <em>lifestyle<\/em>. O objetivo \u00e9 a afirma\u00e7\u00e3o destas novas unidades como <em>trendsetters<\/em> nas suas localiza\u00e7\u00f5es.<\/p>\n<p>Com estas novas aberturas, o Pestana Hotel Group ultrapassa a fasquia das 90 unidades em 15 pa\u00edses, consolidando a sua estrat\u00e9gia de internacionaliza\u00e7\u00e3o. A sociedade \u00e9 detida em partes iguais, mas cabe ao Pestana Hotel Group a gest\u00e3o operacional do neg\u00f3cio.<\/p>\n<p>Com a marca <a href=\"http:\/\/www.pestanacr7.com\">Pestana CR7<\/a> o portef\u00f3lio do Pestana Hotel Group passa a contar com 4 marcas: <em>Pestana Hotels&amp;Resorts<\/em>, <em>Pestana Collection Hotels<\/em>, <em>Pestana Pousadas de Portugal<\/em> e <em>Pestana CR7<\/em>.<\/p>\n<p>Entre no universo Pestana e saiba mais em <a href=\"http:\/\/www.pestana.com\">www.pestana.com<\/a><\/p>\n<p>&nbsp;<\/p>\n","protected":false},"excerpt":{"rendered":"Pestana CR7 Paris \u00e9 a unidade hoteleira com maior capacidade da marca O Pestana Hotel Group e o futebolista Cristiano Ronaldo v\u00e3o abrir, em Paris, o sexto hotel da marca Pestana CR7 Lifestyle Hotels. &nbsp; Com quatro estrelas e 210 quartos, a nova unidade hoteleira da marca \u00e9 a que tem maior capacidade at\u00e9 \u00e0&#8230; <a class=\"view-article\" href=\"https:\/\/www.pestanagroup.com\/pt-pt\/pestana-hotel-group-e-cristiano-ronaldo-abrem-hotel-em-paris\/\">Ver artigo<\/a>","protected":false},"author":33,"featured_media":2338,"comment_status":"open","ping_status":"open","sticky":false,"template":"","format":"standard","meta":{"footnotes":""},"categories":[87],"tags":[],"class_list":["post-2337","post","type-post","status-publish","format-standard","has-post-thumbnail","hentry","category-press-release-media"],"yoast_head":"<!-- This site is optimized with the Yoast SEO plugin v25.4 - https:\/\/yoast.com\/wordpress\/plugins\/seo\/ -->\n<title>PESTANA HOTEL GROUP E CRISTIANO RONALDO ABREM HOTEL EM PARIS - Grupo Pestana<\/title>\n<meta name=\"robots\" content=\"index, follow, max-snippet:-1, max-image-preview:large, max-video-preview:-1\" \/>\n<link rel=\"canonical\" href=\"https:\/\/www.pestanagroup.com\/pt-pt\/pestana-hotel-group-e-cristiano-ronaldo-abrem-hotel-em-paris\/\" \/>\n<meta property=\"og:locale\" content=\"pt_PT\" \/>\n<meta property=\"og:type\" content=\"article\" \/>\n<meta property=\"og:title\" content=\"PESTANA HOTEL GROUP E CRISTIANO RONALDO ABREM HOTEL EM PARIS - Grupo Pestana\" \/>\n<meta property=\"og:description\" content=\"Pestana CR7 Paris \u00e9 a unidade hoteleira com maior capacidade da marca O Pestana Hotel Group e o futebolista Cristiano Ronaldo v\u00e3o abrir, em Paris, o sexto hotel da marca Pestana CR7 Lifestyle Hotels. &nbsp; Com quatro estrelas e 210 quartos, a nova unidade hoteleira da marca \u00e9 a que tem maior capacidade at\u00e9 \u00e0... Ver artigo\" \/>\n<meta property=\"og:url\" content=\"https:\/\/www.pestanagroup.com\/pt-pt\/pestana-hotel-group-e-cristiano-ronaldo-abrem-hotel-em-paris\/\" \/>\n<meta property=\"og:site_name\" content=\"Grupo Pestana\" \/>\n<meta property=\"article:published_time\" content=\"2018-09-12T17:14:38+00:00\" \/>\n<meta property=\"article:modified_time\" content=\"2023-01-11T13:00:58+00:00\" \/>\n<meta property=\"og:image\" content=\"https:\/\/www.pestanagroup.com\/wp-content\/uploads\/2018\/09\/Pestana-CR7-Paris.png\" \/>\n\t<meta property=\"og:image:width\" content=\"1334\" \/>\n\t<meta property=\"og:image:height\" content=\"750\" \/>\n\t<meta property=\"og:image:type\" content=\"image\/png\" \/>\n<meta name=\"author\" content=\"DigitalPestana\" \/>\n<meta name=\"twitter:card\" content=\"summary_large_image\" \/>\n<meta name=\"twitter:label1\" content=\"Escrito por\" \/>\n\t<meta name=\"twitter:data1\" content=\"DigitalPestana\" \/>\n\t<meta name=\"twitter:label2\" content=\"Tempo estimado de leitura\" \/>\n\t<meta name=\"twitter:data2\" content=\"2 minutos\" \/>\n<script type=\"application\/ld+json\" class=\"yoast-schema-graph\">{\"@context\":\"https:\/\/schema.org\",\"@graph\":[{\"@type\":\"WebPage\",\"@id\":\"https:\/\/www.pestanagroup.com\/pt-pt\/pestana-hotel-group-e-cristiano-ronaldo-abrem-hotel-em-paris\/\",\"url\":\"https:\/\/www.pestanagroup.com\/pt-pt\/pestana-hotel-group-e-cristiano-ronaldo-abrem-hotel-em-paris\/\",\"name\":\"PESTANA HOTEL GROUP E CRISTIANO RONALDO ABREM HOTEL EM PARIS - Grupo Pestana\",\"isPartOf\":{\"@id\":\"https:\/\/www.pestanagroup.com\/pt-pt\/#website\"},\"primaryImageOfPage\":{\"@id\":\"https:\/\/www.pestanagroup.com\/pt-pt\/pestana-hotel-group-e-cristiano-ronaldo-abrem-hotel-em-paris\/#primaryimage\"},\"image\":{\"@id\":\"https:\/\/www.pestanagroup.com\/pt-pt\/pestana-hotel-group-e-cristiano-ronaldo-abrem-hotel-em-paris\/#primaryimage\"},\"thumbnailUrl\":\"https:\/\/www.pestanagroup.com\/wp-content\/uploads\/2018\/09\/Pestana-CR7-Paris.png\",\"datePublished\":\"2018-09-12T17:14:38+00:00\",\"dateModified\":\"2023-01-11T13:00:58+00:00\",\"author\":{\"@id\":\"https:\/\/www.pestanagroup.com\/pt-pt\/#\/schema\/person\/6f0b4c8f1089243e3d2fcbce8db8009a\"},\"inLanguage\":\"pt-PT\",\"potentialAction\":[{\"@type\":\"ReadAction\",\"target\":[\"https:\/\/www.pestanagroup.com\/pt-pt\/pestana-hotel-group-e-cristiano-ronaldo-abrem-hotel-em-paris\/\"]}]},{\"@type\":\"ImageObject\",\"inLanguage\":\"pt-PT\",\"@id\":\"https:\/\/www.pestanagroup.com\/pt-pt\/pestana-hotel-group-e-cristiano-ronaldo-abrem-hotel-em-paris\/#primaryimage\",\"url\":\"https:\/\/www.pestanagroup.com\/wp-content\/uploads\/2018\/09\/Pestana-CR7-Paris.png\",\"contentUrl\":\"https:\/\/www.pestanagroup.com\/wp-content\/uploads\/2018\/09\/Pestana-CR7-Paris.png\",\"width\":1334,\"height\":750},{\"@type\":\"WebSite\",\"@id\":\"https:\/\/www.pestanagroup.com\/pt-pt\/#website\",\"url\":\"https:\/\/www.pestanagroup.com\/pt-pt\/\",\"name\":\"Grupo Pestana\",\"description\":\"The Time of Your Life\",\"potentialAction\":[{\"@type\":\"SearchAction\",\"target\":{\"@type\":\"EntryPoint\",\"urlTemplate\":\"https:\/\/www.pestanagroup.com\/pt-pt\/?s={search_term_string}\"},\"query-input\":{\"@type\":\"PropertyValueSpecification\",\"valueRequired\":true,\"valueName\":\"search_term_string\"}}],\"inLanguage\":\"pt-PT\"},{\"@type\":\"Person\",\"@id\":\"https:\/\/www.pestanagroup.com\/pt-pt\/#\/schema\/person\/6f0b4c8f1089243e3d2fcbce8db8009a\",\"name\":\"DigitalPestana\",\"image\":{\"@type\":\"ImageObject\",\"inLanguage\":\"pt-PT\",\"@id\":\"https:\/\/www.pestanagroup.com\/pt-pt\/#\/schema\/person\/image\/\",\"url\":\"https:\/\/secure.gravatar.com\/avatar\/a227aa2f29ffbe05d3231b3b5321ece192f2b350ca7ad77fbdaf3516b912dab5?s=96&d=mm&r=g\",\"contentUrl\":\"https:\/\/secure.gravatar.com\/avatar\/a227aa2f29ffbe05d3231b3b5321ece192f2b350ca7ad77fbdaf3516b912dab5?s=96&d=mm&r=g\",\"caption\":\"DigitalPestana\"},\"url\":\"https:\/\/www.pestanagroup.com\/pt-pt\/author\/digitalpestana\/\"}]}<\/script>\n<!-- \/ Yoast SEO plugin. -->","yoast_head_json":{"title":"PESTANA HOTEL GROUP E CRISTIANO RONALDO ABREM HOTEL EM PARIS - Grupo Pestana","robots":{"index":"index","follow":"follow","max-snippet":"max-snippet:-1","max-image-preview":"max-image-preview:large","max-video-preview":"max-video-preview:-1"},"canonical":"https:\/\/www.pestanagroup.com\/pt-pt\/pestana-hotel-group-e-cristiano-ronaldo-abrem-hotel-em-paris\/","og_locale":"pt_PT","og_type":"article","og_title":"PESTANA HOTEL GROUP E CRISTIANO RONALDO ABREM HOTEL EM PARIS - Grupo Pestana","og_description":"Pestana CR7 Paris \u00e9 a unidade hoteleira com maior capacidade da marca O Pestana Hotel Group e o futebolista Cristiano Ronaldo v\u00e3o abrir, em Paris, o sexto hotel da marca Pestana CR7 Lifestyle Hotels. &nbsp; Com quatro estrelas e 210 quartos, a nova unidade hoteleira da marca \u00e9 a que tem maior capacidade at\u00e9 \u00e0... Ver artigo","og_url":"https:\/\/www.pestanagroup.com\/pt-pt\/pestana-hotel-group-e-cristiano-ronaldo-abrem-hotel-em-paris\/","og_site_name":"Grupo Pestana","article_published_time":"2018-09-12T17:14:38+00:00","article_modified_time":"2023-01-11T13:00:58+00:00","og_image":[{"width":1334,"height":750,"url":"https:\/\/www.pestanagroup.com\/wp-content\/uploads\/2018\/09\/Pestana-CR7-Paris.png","type":"image\/png"}],"author":"DigitalPestana","twitter_card":"summary_large_image","twitter_misc":{"Escrito por":"DigitalPestana","Tempo estimado de leitura":"2 minutos"},"schema":{"@context":"https:\/\/schema.org","@graph":[{"@type":"WebPage","@id":"https:\/\/www.pestanagroup.com\/pt-pt\/pestana-hotel-group-e-cristiano-ronaldo-abrem-hotel-em-paris\/","url":"https:\/\/www.pestanagroup.com\/pt-pt\/pestana-hotel-group-e-cristiano-ronaldo-abrem-hotel-em-paris\/","name":"PESTANA HOTEL GROUP E CRISTIANO RONALDO ABREM HOTEL EM PARIS - Grupo Pestana","isPartOf":{"@id":"https:\/\/www.pestanagroup.com\/pt-pt\/#website"},"primaryImageOfPage":{"@id":"https:\/\/www.pestanagroup.com\/pt-pt\/pestana-hotel-group-e-cristiano-ronaldo-abrem-hotel-em-paris\/#primaryimage"},"image":{"@id":"https:\/\/www.pestanagroup.com\/pt-pt\/pestana-hotel-group-e-cristiano-ronaldo-abrem-hotel-em-paris\/#primaryimage"},"thumbnailUrl":"https:\/\/www.pestanagroup.com\/wp-content\/uploads\/2018\/09\/Pestana-CR7-Paris.png","datePublished":"2018-09-12T17:14:38+00:00","dateModified":"2023-01-11T13:00:58+00:00","author":{"@id":"https:\/\/www.pestanagroup.com\/pt-pt\/#\/schema\/person\/6f0b4c8f1089243e3d2fcbce8db8009a"},"inLanguage":"pt-PT","potentialAction":[{"@type":"ReadAction","target":["https:\/\/www.pestanagroup.com\/pt-pt\/pestana-hotel-group-e-cristiano-ronaldo-abrem-hotel-em-paris\/"]}]},{"@type":"ImageObject","inLanguage":"pt-PT","@id":"https:\/\/www.pestanagroup.com\/pt-pt\/pestana-hotel-group-e-cristiano-ronaldo-abrem-hotel-em-paris\/#primaryimage","url":"https:\/\/www.pestanagroup.com\/wp-content\/uploads\/2018\/09\/Pestana-CR7-Paris.png","contentUrl":"https:\/\/www.pestanagroup.com\/wp-content\/uploads\/2018\/09\/Pestana-CR7-Paris.png","width":1334,"height":750},{"@type":"WebSite","@id":"https:\/\/www.pestanagroup.com\/pt-pt\/#website","url":"https:\/\/www.pestanagroup.com\/pt-pt\/","name":"Grupo Pestana","description":"The Time of Your Life","potentialAction":[{"@type":"SearchAction","target":{"@type":"EntryPoint","urlTemplate":"https:\/\/www.pestanagroup.com\/pt-pt\/?s={search_term_string}"},"query-input":{"@type":"PropertyValueSpecification","valueRequired":true,"valueName":"search_term_string"}}],"inLanguage":"pt-PT"},{"@type":"Person","@id":"https:\/\/www.pestanagroup.com\/pt-pt\/#\/schema\/person\/6f0b4c8f1089243e3d2fcbce8db8009a","name":"DigitalPestana","image":{"@type":"ImageObject","inLanguage":"pt-PT","@id":"https:\/\/www.pestanagroup.com\/pt-pt\/#\/schema\/person\/image\/","url":"https:\/\/secure.gravatar.com\/avatar\/a227aa2f29ffbe05d3231b3b5321ece192f2b350ca7ad77fbdaf3516b912dab5?s=96&d=mm&r=g","contentUrl":"https:\/\/secure.gravatar.com\/avatar\/a227aa2f29ffbe05d3231b3b5321ece192f2b350ca7ad77fbdaf3516b912dab5?s=96&d=mm&r=g","caption":"DigitalPestana"},"url":"https:\/\/www.pestanagroup.com\/pt-pt\/author\/digitalpestana\/"}]}},"publishpress_future_action":{"enabled":false,"date":"2026-05-06 22:47:03","action":"change-status","newStatus":"draft","terms":[],"taxonomy":"category"},"publishpress_future_workflow_manual_trigger":{"enabledWorkflows":[]},"_links":{"self":[{"href":"https:\/\/www.pestanagroup.com\/pt-pt\/wp-json\/wp\/v2\/posts\/2337","targetHints":{"allow":["GET"]}}],"collection":[{"href":"https:\/\/www.pestanagroup.com\/pt-pt\/wp-json\/wp\/v2\/posts"}],"about":[{"href":"https:\/\/www.pestanagroup.com\/pt-pt\/wp-json\/wp\/v2\/types\/post"}],"author":[{"embeddable":true,"href":"https:\/\/www.pestanagroup.com\/pt-pt\/wp-json\/wp\/v2\/users\/33"}],"replies":[{"embeddable":true,"href":"https:\/\/www.pestanagroup.com\/pt-pt\/wp-json\/wp\/v2\/comments?post=2337"}],"version-history":[{"count":2,"href":"https:\/\/www.pestanagroup.com\/pt-pt\/wp-json\/wp\/v2\/posts\/2337\/revisions"}],"predecessor-version":[{"id":5016,"href":"https:\/\/www.pestanagroup.com\/pt-pt\/wp-json\/wp\/v2\/posts\/2337\/revisions\/5016"}],"wp:featuredmedia":[{"embeddable":true,"href":"https:\/\/www.pestanagroup.com\/pt-pt\/wp-json\/wp\/v2\/media\/2338"}],"wp:attachment":[{"href":"https:\/\/www.pestanagroup.com\/pt-pt\/wp-json\/wp\/v2\/media?parent=2337"}],"wp:term":[{"taxonomy":"category","embeddable":true,"href":"https:\/\/www.pestanagroup.com\/pt-pt\/wp-json\/wp\/v2\/categories?post=2337"},{"taxonomy":"post_tag","embeddable":true,"href":"https:\/\/www.pestanagroup.com\/pt-pt\/wp-json\/wp\/v2\/tags?post=2337"}],"curies":[{"name":"wp","href":"https:\/\/api.w.org\/{rel}","templated":true}]}}