{"id":2084,"date":"2018-05-29T10:10:37","date_gmt":"2018-05-29T09:10:37","guid":{"rendered":"https:\/\/www.pestanagroup.com\/?p=2084"},"modified":"2023-01-11T13:00:50","modified_gmt":"2023-01-11T13:00:50","slug":"brasileira-celebra-115-anos-historia","status":"publish","type":"post","link":"https:\/\/www.pestanagroup.com\/pt-pt\/brasileira-celebra-115-anos-historia\/","title":{"rendered":"A BRASILEIRA CELEBRA 115 ANOS DE HIST\u00d3RIA"},"content":{"rendered":"<p><u>Inaugura\u00e7\u00e3o do hotel realiza-se no anivers\u00e1rio da cafetaria<\/u><\/p>\n<p><strong>\u00a0<\/strong><strong>A BRASILEIRA CELEBRA 115 ANOS DE HIST\u00d3RIA<\/strong><\/p>\n<p>A ic\u00f3nica cafetaria A Brasileira abriu portas no dia 4 de maio de 1903 e para assinalar os seus 115 anos de hist\u00f3ria realizou-se a cerim\u00f3nia inaugural do agora Pestana Porto \u2013 A Brasileira City Center &amp; Heritage Building que re\u00fane n\u00e3o s\u00f3 a centen\u00e1ria cafetaria, como um hotel de 5 cinco estrelas e um restaurante de autor.<\/p>\n<p>&nbsp;<\/p>\n<p>O evento contou com a presen\u00e7a de Rui Moreira, Presidente da C\u00e2mara Municipal do Porto; Ant\u00f3nio Oliveira, promotor e investidor do projeto e Dion\u00edsio Pestana, Presidente do Pestana Hotel Group, entre outros convidados.<\/p>\n<p>&nbsp;<\/p>\n<p>Recorde-se que o Pestana Porto \u2013 A Brasileira City Center &amp; Heritage Building resulta de uma parceria de apoio \u00e0 gest\u00e3o celebrada entre a empresa OPPA \u2013 A BRASILEIRA, LDA do empres\u00e1rio Ant\u00f3nio Oliveira e o Grupo de Dion\u00edsio Pestana, passando a integrar os canais de distribui\u00e7\u00e3o do maior grupo hoteleiro internacional de origem portuguesa.<\/p>\n<p>&nbsp;<\/p>\n<p>Na cerim\u00f3nia de inaugura\u00e7\u00e3o Ant\u00f3nio de Oliveira, Presidente da OPPA SA, salientou que, \u201cA Brasileira \u00e9 para mim muito mais do que um projecto empresarial, muito mais do que uma oportunidade de neg\u00f3cio, muito mais do que uma experi\u00eancia profissional. A Brasileira \u00e9 para mim, acima de tudo, um reencontro com a minha pr\u00f3pria mem\u00f3ria, um reencontro com a alma do Porto, um reencontro com o mundo dos afetos.\u201d<\/p>\n<p>&nbsp;<\/p>\n<p>Para o Presidente do Pestana Hotel Group, Dion\u00edsio Pestana, \u201cMuito nos honra esta parceria com o Dr. Ant\u00f3nio Oliveira, estou certo de que esta \u00e9 e ser\u00e1 uma aposta ganha num destino importante para o Grupo Pestana. Sempre acredit\u00e1mos no sucesso, vitalidade e dinamismo do Porto, onde estamos presentes h\u00e1 mais de 20 anos, e nesse sentido gostaria de salientar o trabalho na revitaliza\u00e7\u00e3o e promo\u00e7\u00e3o do turismo na cidade, que esperamos continue a ser desenvolvido.\u201d<\/p>\n<p>&nbsp;<\/p>\n<p>O Pestana Porto \u2013 A Brasileira City Center &amp; Heritage Building surge da reabilita\u00e7\u00e3o do edif\u00edcio centen\u00e1rio localizado na Rua S\u00e1 da Bandeira. Para al\u00e9m da cafetaria e do restaurante liderado pelo chef Rui Martins, o hotel conta com 90 quartos e <em>suites<\/em> distribu\u00eddos por seis pisos tem\u00e1ticos, relacionados com as especiarias importadas nos s\u00e9culos XV e XVI durante a expans\u00e3o mar\u00edtima portuguesa, nomeadamente: Caf\u00e9, Ch\u00e1, Cacau, Pimenta, Canela e Anis. Existe ainda um gin\u00e1sio, salas de reuni\u00f5es e um p\u00e1tio\u00a0franc\u00eas com um jardim vertical.<\/p>\n<p>&nbsp;<\/p>\n<p>Foram preservadas as caracter\u00edsticas da fachada novecentista e a imagem das salas do r\u00e9s-do-ch\u00e3o \u2013 cafetaria e restaurante &#8211; com a sua tra\u00e7a original, num projeto desenvolvido pela equipa de arquitetura do Gabinete APPEL, liderado pelo arquiteto Ginestal Machado, que resulta do restauro da obra do arquiteto Janu\u00e1rio Godinho. O <em>design<\/em> de interiores ficou a cargo de Jaime Morais.<\/p>\n<p>&nbsp;<\/p>\n<p>Trata-se da 7.\u00aa unidade com a marca Pestana Collection Hotels, juntando-se ao recente Pestana Amsterdam Riverside Hotel &amp; National Monument, ao futuro Pestana Plaza Mayor e aos nacionais Pestana Palace Lisboa Hotel &amp; National Monument, Pestana Vintage Porto Hotel &amp; World Heritage Site, Pestana Cidadela Cascais Pousada &amp; Art District, Pestana Pal\u00e1cio do Freixo Pousada &amp; National Monument.<\/p>\n<p>&nbsp;<\/p>\n<p><strong>Pestana Porto \u2013 A Brasileira<\/strong><\/p>\n<p>Rua S\u00e1 da Bandeira, 91<\/p>\n<p>22 531 1000<\/p>\n<p>Hor\u00e1rio Cafetaria: 8h00 \u2013 0h00<\/p>\n<p>Hor\u00e1rio Restaurante: 12h30\/15h30 \u2013 19h30\/23h00<\/p>\n<p>Instagram:\u00a0 pestanaportoabrasileira<\/p>\n<p>Facebook: PestanaPortoABrasileira<\/p>\n<p>&nbsp;<\/p>\n<p><strong><em>Sobre Pestana Collection Hotels:<\/em><\/strong><\/p>\n<p>Situados em pal\u00e1cios e monumentos nacionais, s\u00e3o verdadeiros s\u00edmbolos do patrim\u00f3nio hist\u00f3rico do pa\u00eds, caraterizados pela excel\u00eancia da marca Pestana. Cada hotel representa a transforma\u00e7\u00e3o de espa\u00e7os hist\u00f3ricos em hot\u00e9is excecionais, tornando-os \u00fanicos e ic\u00f3nicos. Uma premiada sele\u00e7\u00e3o de 7 unidades que apresentam o melhor da hospitalidade e que resultam de projetos de recupera\u00e7\u00e3o arquitet\u00f3nica impactantes: Pestana Palace Lisboa Hotel &amp; National Monument, Pestana Vintage Porto Hotel &amp; World Heritage Site, Pestana Cidadela Cascais Pousada &amp; Art District, Pestana Pal\u00e1cio do Freixo Pousada &amp; National Monument, Pestana Amsterdam Riverside Hotel &amp; National Monument, Pestana Porto &#8211; A Brasileira City Center &amp; Heritage Building e o futuro Pestana Plaza Mayor.<\/p>\n<p>S\u00e3o sin\u00f3nimos de conforto, eleg\u00e2ncia e luxo intemporais, proporcionando aos h\u00f3spedes experi\u00eancias \u00fanicas. Os sal\u00f5es nobres decorados com mobili\u00e1rio de \u00e9poca, as obras de arte intemporais, os jardins exuberantes e a harmonia entre o hist\u00f3rico e o contempor\u00e2neo s\u00e3o algumas das caracter\u00edsticas das unidades Pestana Collection Hotels.<\/p>\n<p>Mais do que um servi\u00e7o, o luxo \u00e9, para a marca, a eleg\u00e2ncia de gestos precisos e a aten\u00e7\u00e3o ao detalhe, proporcionando aos h\u00f3spedes experi\u00eancias que perduram. Tesouros escondidos, agora revelados, que oferecem experi\u00eancias \u00fanicas e enriquecedoras em propriedades hist\u00f3ricas e surpreendentes.<\/p>\n<p><strong><em>Sobre o Pestana Hotel Group:<\/em><\/strong><\/p>\n<p>Com um percurso de mais de quatro d\u00e9cadas de sucesso, o Grupo tem e gere cerca de 90 unidades em Portugal e no estrangeiro, e ainda seis campos de golfe, dois casinos, tr\u00eas empreendimentos de imobili\u00e1rio tur\u00edstico e 13 empreendimentos Vacation Club, com o objetivo de oferecer produtos completos e mais atrativos. Na ind\u00fastria e nos servi\u00e7os, o grupo de Dion\u00edsio Pestana participa na Sociedade de Desenvolvimento da Madeira, gestora do Centro Internacional de Neg\u00f3cios da Madeira e na Empresa de Cervejas da Madeira. Ao todo s\u00e3o oito as \u00e1reas de neg\u00f3cio onde opera: hotelaria, golfe, casinos, imobili\u00e1rio tur\u00edstico, distribui\u00e7\u00e3o tur\u00edstica, Vacation Club, ind\u00fastria e servi\u00e7os.<\/p>\n<p>Na hotelaria, o seu principal neg\u00f3cio, o grupo opera com quatro marcas: Pestana Hotels &amp; Resorts, Pestana Collection Hotels, Pestana Pousadas de Portugal e Pestana CR7 Lifestyle Hotels. Presente em 15 pa\u00edses, tem cerca de 11.000 quartos dispon\u00edveis na Europa, \u00c1frica e Am\u00e9rica e cerca de sete mil colaboradores.<\/p>\n<p>Como empresa socialmente respons\u00e1vel lan\u00e7ou o Pestana Sustainability Program: Planet Guest &#8211; \u201cSomos apenas h\u00f3spedes do Planeta\u201d \u2013 que incorpora todas as iniciativas que promovem a sustentabilidade do PHG. O Planet Guest transmite a posi\u00e7\u00e3o do Grupo e dos seus colaboradores no que diz respeito \u00e0 sustentabilidade do Planeta em que vivemos e o foco do PHG na extrema preocupa\u00e7\u00e3o perante as gera\u00e7\u00f5es futuras. Tem como objetivo criar valor no longo prazo para a empresa, desenvolvendo a sua atividade com respeito pelo meio ambiente, comunidades locais, colaboradores, clientes e todos os stakeholders relevantes no exerc\u00edcio da sua atividade.<\/p>\n<p>&nbsp;<\/p>\n<p>Entre no universo Pestana e saiba mais em <a href=\"http:\/\/www.pestana.com\">www.pestana.com<\/a><\/p>\n<p>&nbsp;<\/p>\n","protected":false},"excerpt":{"rendered":"Inaugura\u00e7\u00e3o do hotel realiza-se no anivers\u00e1rio da cafetaria \u00a0A BRASILEIRA CELEBRA 115 ANOS DE HIST\u00d3RIA A ic\u00f3nica cafetaria A Brasileira abriu portas no dia 4 de maio de 1903 e para assinalar os seus 115 anos de hist\u00f3ria realizou-se a cerim\u00f3nia inaugural do agora Pestana Porto \u2013 A Brasileira City Center &amp; Heritage Building que&#8230; <a class=\"view-article\" href=\"https:\/\/www.pestanagroup.com\/pt-pt\/brasileira-celebra-115-anos-historia\/\">Ver artigo<\/a>","protected":false},"author":33,"featured_media":2085,"comment_status":"open","ping_status":"open","sticky":false,"template":"","format":"standard","meta":{"footnotes":""},"categories":[87],"tags":[],"class_list":["post-2084","post","type-post","status-publish","format-standard","has-post-thumbnail","hentry","category-press-release-media"],"yoast_head":"<!-- This site is optimized with the Yoast SEO plugin v25.4 - https:\/\/yoast.com\/wordpress\/plugins\/seo\/ -->\n<title>A BRASILEIRA CELEBRA 115 ANOS DE HIST\u00d3RIA - Grupo Pestana<\/title>\n<meta name=\"robots\" content=\"index, follow, max-snippet:-1, max-image-preview:large, max-video-preview:-1\" \/>\n<link rel=\"canonical\" href=\"https:\/\/www.pestanagroup.com\/pt-pt\/brasileira-celebra-115-anos-historia\/\" \/>\n<meta property=\"og:locale\" content=\"pt_PT\" \/>\n<meta property=\"og:type\" content=\"article\" \/>\n<meta property=\"og:title\" content=\"A BRASILEIRA CELEBRA 115 ANOS DE HIST\u00d3RIA - Grupo Pestana\" \/>\n<meta property=\"og:description\" content=\"Inaugura\u00e7\u00e3o do hotel realiza-se no anivers\u00e1rio da cafetaria \u00a0A BRASILEIRA CELEBRA 115 ANOS DE HIST\u00d3RIA A ic\u00f3nica cafetaria A Brasileira abriu portas no dia 4 de maio de 1903 e para assinalar os seus 115 anos de hist\u00f3ria realizou-se a cerim\u00f3nia inaugural do agora Pestana Porto \u2013 A Brasileira City Center &amp; Heritage Building que... Ver artigo\" \/>\n<meta property=\"og:url\" content=\"https:\/\/www.pestanagroup.com\/pt-pt\/brasileira-celebra-115-anos-historia\/\" \/>\n<meta property=\"og:site_name\" content=\"Grupo Pestana\" \/>\n<meta property=\"article:published_time\" content=\"2018-05-29T09:10:37+00:00\" \/>\n<meta property=\"article:modified_time\" content=\"2023-01-11T13:00:50+00:00\" \/>\n<meta property=\"og:image\" content=\"https:\/\/www.pestanagroup.com\/wp-content\/uploads\/2018\/05\/Brasileira.jpg\" \/>\n\t<meta property=\"og:image:width\" content=\"800\" \/>\n\t<meta property=\"og:image:height\" content=\"397\" \/>\n\t<meta property=\"og:image:type\" content=\"image\/jpeg\" \/>\n<meta name=\"author\" content=\"DigitalPestana\" \/>\n<meta name=\"twitter:card\" content=\"summary_large_image\" \/>\n<meta name=\"twitter:label1\" content=\"Escrito por\" \/>\n\t<meta name=\"twitter:data1\" content=\"DigitalPestana\" \/>\n\t<meta name=\"twitter:label2\" content=\"Tempo estimado de leitura\" \/>\n\t<meta name=\"twitter:data2\" content=\"6 minutos\" \/>\n<script type=\"application\/ld+json\" class=\"yoast-schema-graph\">{\"@context\":\"https:\/\/schema.org\",\"@graph\":[{\"@type\":\"WebPage\",\"@id\":\"https:\/\/www.pestanagroup.com\/pt-pt\/brasileira-celebra-115-anos-historia\/\",\"url\":\"https:\/\/www.pestanagroup.com\/pt-pt\/brasileira-celebra-115-anos-historia\/\",\"name\":\"A BRASILEIRA CELEBRA 115 ANOS DE HIST\u00d3RIA - Grupo Pestana\",\"isPartOf\":{\"@id\":\"https:\/\/www.pestanagroup.com\/pt-pt\/#website\"},\"primaryImageOfPage\":{\"@id\":\"https:\/\/www.pestanagroup.com\/pt-pt\/brasileira-celebra-115-anos-historia\/#primaryimage\"},\"image\":{\"@id\":\"https:\/\/www.pestanagroup.com\/pt-pt\/brasileira-celebra-115-anos-historia\/#primaryimage\"},\"thumbnailUrl\":\"https:\/\/www.pestanagroup.com\/wp-content\/uploads\/2018\/05\/Brasileira.jpg\",\"datePublished\":\"2018-05-29T09:10:37+00:00\",\"dateModified\":\"2023-01-11T13:00:50+00:00\",\"author\":{\"@id\":\"https:\/\/www.pestanagroup.com\/pt-pt\/#\/schema\/person\/6f0b4c8f1089243e3d2fcbce8db8009a\"},\"inLanguage\":\"pt-PT\",\"potentialAction\":[{\"@type\":\"ReadAction\",\"target\":[\"https:\/\/www.pestanagroup.com\/pt-pt\/brasileira-celebra-115-anos-historia\/\"]}]},{\"@type\":\"ImageObject\",\"inLanguage\":\"pt-PT\",\"@id\":\"https:\/\/www.pestanagroup.com\/pt-pt\/brasileira-celebra-115-anos-historia\/#primaryimage\",\"url\":\"https:\/\/www.pestanagroup.com\/wp-content\/uploads\/2018\/05\/Brasileira.jpg\",\"contentUrl\":\"https:\/\/www.pestanagroup.com\/wp-content\/uploads\/2018\/05\/Brasileira.jpg\",\"width\":800,\"height\":397},{\"@type\":\"WebSite\",\"@id\":\"https:\/\/www.pestanagroup.com\/pt-pt\/#website\",\"url\":\"https:\/\/www.pestanagroup.com\/pt-pt\/\",\"name\":\"Grupo Pestana\",\"description\":\"The Time of Your Life\",\"potentialAction\":[{\"@type\":\"SearchAction\",\"target\":{\"@type\":\"EntryPoint\",\"urlTemplate\":\"https:\/\/www.pestanagroup.com\/pt-pt\/?s={search_term_string}\"},\"query-input\":{\"@type\":\"PropertyValueSpecification\",\"valueRequired\":true,\"valueName\":\"search_term_string\"}}],\"inLanguage\":\"pt-PT\"},{\"@type\":\"Person\",\"@id\":\"https:\/\/www.pestanagroup.com\/pt-pt\/#\/schema\/person\/6f0b4c8f1089243e3d2fcbce8db8009a\",\"name\":\"DigitalPestana\",\"image\":{\"@type\":\"ImageObject\",\"inLanguage\":\"pt-PT\",\"@id\":\"https:\/\/www.pestanagroup.com\/pt-pt\/#\/schema\/person\/image\/\",\"url\":\"https:\/\/secure.gravatar.com\/avatar\/a227aa2f29ffbe05d3231b3b5321ece192f2b350ca7ad77fbdaf3516b912dab5?s=96&d=mm&r=g\",\"contentUrl\":\"https:\/\/secure.gravatar.com\/avatar\/a227aa2f29ffbe05d3231b3b5321ece192f2b350ca7ad77fbdaf3516b912dab5?s=96&d=mm&r=g\",\"caption\":\"DigitalPestana\"},\"url\":\"https:\/\/www.pestanagroup.com\/pt-pt\/author\/digitalpestana\/\"}]}<\/script>\n<!-- \/ Yoast SEO plugin. -->","yoast_head_json":{"title":"A BRASILEIRA CELEBRA 115 ANOS DE HIST\u00d3RIA - Grupo Pestana","robots":{"index":"index","follow":"follow","max-snippet":"max-snippet:-1","max-image-preview":"max-image-preview:large","max-video-preview":"max-video-preview:-1"},"canonical":"https:\/\/www.pestanagroup.com\/pt-pt\/brasileira-celebra-115-anos-historia\/","og_locale":"pt_PT","og_type":"article","og_title":"A BRASILEIRA CELEBRA 115 ANOS DE HIST\u00d3RIA - Grupo Pestana","og_description":"Inaugura\u00e7\u00e3o do hotel realiza-se no anivers\u00e1rio da cafetaria \u00a0A BRASILEIRA CELEBRA 115 ANOS DE HIST\u00d3RIA A ic\u00f3nica cafetaria A Brasileira abriu portas no dia 4 de maio de 1903 e para assinalar os seus 115 anos de hist\u00f3ria realizou-se a cerim\u00f3nia inaugural do agora Pestana Porto \u2013 A Brasileira City Center &amp; Heritage Building que... Ver artigo","og_url":"https:\/\/www.pestanagroup.com\/pt-pt\/brasileira-celebra-115-anos-historia\/","og_site_name":"Grupo Pestana","article_published_time":"2018-05-29T09:10:37+00:00","article_modified_time":"2023-01-11T13:00:50+00:00","og_image":[{"width":800,"height":397,"url":"https:\/\/www.pestanagroup.com\/wp-content\/uploads\/2018\/05\/Brasileira.jpg","type":"image\/jpeg"}],"author":"DigitalPestana","twitter_card":"summary_large_image","twitter_misc":{"Escrito por":"DigitalPestana","Tempo estimado de leitura":"6 minutos"},"schema":{"@context":"https:\/\/schema.org","@graph":[{"@type":"WebPage","@id":"https:\/\/www.pestanagroup.com\/pt-pt\/brasileira-celebra-115-anos-historia\/","url":"https:\/\/www.pestanagroup.com\/pt-pt\/brasileira-celebra-115-anos-historia\/","name":"A BRASILEIRA CELEBRA 115 ANOS DE HIST\u00d3RIA - Grupo Pestana","isPartOf":{"@id":"https:\/\/www.pestanagroup.com\/pt-pt\/#website"},"primaryImageOfPage":{"@id":"https:\/\/www.pestanagroup.com\/pt-pt\/brasileira-celebra-115-anos-historia\/#primaryimage"},"image":{"@id":"https:\/\/www.pestanagroup.com\/pt-pt\/brasileira-celebra-115-anos-historia\/#primaryimage"},"thumbnailUrl":"https:\/\/www.pestanagroup.com\/wp-content\/uploads\/2018\/05\/Brasileira.jpg","datePublished":"2018-05-29T09:10:37+00:00","dateModified":"2023-01-11T13:00:50+00:00","author":{"@id":"https:\/\/www.pestanagroup.com\/pt-pt\/#\/schema\/person\/6f0b4c8f1089243e3d2fcbce8db8009a"},"inLanguage":"pt-PT","potentialAction":[{"@type":"ReadAction","target":["https:\/\/www.pestanagroup.com\/pt-pt\/brasileira-celebra-115-anos-historia\/"]}]},{"@type":"ImageObject","inLanguage":"pt-PT","@id":"https:\/\/www.pestanagroup.com\/pt-pt\/brasileira-celebra-115-anos-historia\/#primaryimage","url":"https:\/\/www.pestanagroup.com\/wp-content\/uploads\/2018\/05\/Brasileira.jpg","contentUrl":"https:\/\/www.pestanagroup.com\/wp-content\/uploads\/2018\/05\/Brasileira.jpg","width":800,"height":397},{"@type":"WebSite","@id":"https:\/\/www.pestanagroup.com\/pt-pt\/#website","url":"https:\/\/www.pestanagroup.com\/pt-pt\/","name":"Grupo Pestana","description":"The Time of Your Life","potentialAction":[{"@type":"SearchAction","target":{"@type":"EntryPoint","urlTemplate":"https:\/\/www.pestanagroup.com\/pt-pt\/?s={search_term_string}"},"query-input":{"@type":"PropertyValueSpecification","valueRequired":true,"valueName":"search_term_string"}}],"inLanguage":"pt-PT"},{"@type":"Person","@id":"https:\/\/www.pestanagroup.com\/pt-pt\/#\/schema\/person\/6f0b4c8f1089243e3d2fcbce8db8009a","name":"DigitalPestana","image":{"@type":"ImageObject","inLanguage":"pt-PT","@id":"https:\/\/www.pestanagroup.com\/pt-pt\/#\/schema\/person\/image\/","url":"https:\/\/secure.gravatar.com\/avatar\/a227aa2f29ffbe05d3231b3b5321ece192f2b350ca7ad77fbdaf3516b912dab5?s=96&d=mm&r=g","contentUrl":"https:\/\/secure.gravatar.com\/avatar\/a227aa2f29ffbe05d3231b3b5321ece192f2b350ca7ad77fbdaf3516b912dab5?s=96&d=mm&r=g","caption":"DigitalPestana"},"url":"https:\/\/www.pestanagroup.com\/pt-pt\/author\/digitalpestana\/"}]}},"publishpress_future_action":{"enabled":false,"date":"2026-05-04 19:52:19","action":"change-status","newStatus":"draft","terms":[],"taxonomy":"category"},"publishpress_future_workflow_manual_trigger":{"enabledWorkflows":[]},"_links":{"self":[{"href":"https:\/\/www.pestanagroup.com\/pt-pt\/wp-json\/wp\/v2\/posts\/2084","targetHints":{"allow":["GET"]}}],"collection":[{"href":"https:\/\/www.pestanagroup.com\/pt-pt\/wp-json\/wp\/v2\/posts"}],"about":[{"href":"https:\/\/www.pestanagroup.com\/pt-pt\/wp-json\/wp\/v2\/types\/post"}],"author":[{"embeddable":true,"href":"https:\/\/www.pestanagroup.com\/pt-pt\/wp-json\/wp\/v2\/users\/33"}],"replies":[{"embeddable":true,"href":"https:\/\/www.pestanagroup.com\/pt-pt\/wp-json\/wp\/v2\/comments?post=2084"}],"version-history":[{"count":4,"href":"https:\/\/www.pestanagroup.com\/pt-pt\/wp-json\/wp\/v2\/posts\/2084\/revisions"}],"predecessor-version":[{"id":4993,"href":"https:\/\/www.pestanagroup.com\/pt-pt\/wp-json\/wp\/v2\/posts\/2084\/revisions\/4993"}],"wp:featuredmedia":[{"embeddable":true,"href":"https:\/\/www.pestanagroup.com\/pt-pt\/wp-json\/wp\/v2\/media\/2085"}],"wp:attachment":[{"href":"https:\/\/www.pestanagroup.com\/pt-pt\/wp-json\/wp\/v2\/media?parent=2084"}],"wp:term":[{"taxonomy":"category","embeddable":true,"href":"https:\/\/www.pestanagroup.com\/pt-pt\/wp-json\/wp\/v2\/categories?post=2084"},{"taxonomy":"post_tag","embeddable":true,"href":"https:\/\/www.pestanagroup.com\/pt-pt\/wp-json\/wp\/v2\/tags?post=2084"}],"curies":[{"name":"wp","href":"https:\/\/api.w.org\/{rel}","templated":true}]}}