{"id":2060,"date":"2018-05-28T09:35:48","date_gmt":"2018-05-28T08:35:48","guid":{"rendered":"https:\/\/www.pestanagroup.com\/?p=2060"},"modified":"2023-01-11T13:00:47","modified_gmt":"2023-01-11T13:00:47","slug":"pestana-pousada-da-vila-obidos-recente-unidade-da-rede-pousadas-portugal","status":"publish","type":"post","link":"https:\/\/www.pestanagroup.com\/pt-pt\/pestana-pousada-da-vila-obidos-recente-unidade-da-rede-pousadas-portugal\/","title":{"rendered":"PESTANA POUSADA DA VILA DE \u00d3BIDOS &#8211;  A MAIS RECENTE UNIDADE DA REDE POUSADAS DE PORTUGAL"},"content":{"rendered":"<p><strong>PESTANA POUSADA DA VILA DE \u00d3BIDOS <\/strong><\/p>\n<p><strong>A MAIS RECENTE UNIDADE DA REDE POUSADAS DE PORTUGAL<\/strong><\/p>\n<p>O Pestana Hotel Group apresentou ontem a primeira fase da <a href=\"https:\/\/www.pousadas.pt\/pt\/hotel\/pousada-vila-obidos\">Pousada Vila de \u00d3bidos<\/a>, localizada dentro das muralhas da vila medieval, no espa\u00e7o do antigo Hospital da Miseric\u00f3rdia. Este edif\u00edcio constitui o primeiro n\u00facleo da expans\u00e3o da marca, disponibilizando agora 17 quartos. No in\u00edcio do pr\u00f3ximo ano, as Pousadas de Portugal ir\u00e3o inaugurar a Estalagem do Lidador (n\u00facleo 2) com 11 novos quartos apenas 150 metros de dist\u00e2ncia. Os novos n\u00facleos triplicam a capacidade hoteleira na vila representando um investimento no valor total de 2 milh\u00f5es de euros.<\/p>\n<p>Durante a cerim\u00f3nia institucional estiveram presentes 50 convidados e representantes da Administra\u00e7\u00e3o do Pestana Hotel Group, Enatur, Santa Casa da Miseric\u00f3rdia, entidades regionais e imprensa. Lu\u00eds Castanheira Lopes, Presidente do Grupo Pestana Pousadas, salientou no seu discurso a import\u00e2ncia deste projeto, afirmando: \u201cProsseguimos o historial das Pousadas na recupera\u00e7\u00e3o de patrim\u00f3nio classificado e na cria\u00e7\u00e3o de um produto tur\u00edstico de qualidade e diferenciado, a exemplo do que vem sendo feito desde h\u00e1 mais de 75 anos. Com este projeto, as Pousadas de Portugal mant\u00eam a sua linha estrat\u00e9gica de recomposi\u00e7\u00e3o da rede atrav\u00e9s da instala\u00e7\u00e3o de estabelecimentos com melhores localiza\u00e7\u00f5es, oferecendo o seu produto de qualidade superior onde haja procura, e reconduzindo a escolha a edif\u00edcios com grande significado e relev\u00e2ncia patrimonial e arquitet\u00f3nica, dando consist\u00eancia \u00e0 sua oferta e acentuando a sua diferencia\u00e7\u00e3o.\u201d<\/p>\n<p>Num esfor\u00e7o cont\u00ednuo pela preserva\u00e7\u00e3o e recupera\u00e7\u00e3o de patrim\u00f3nio, o Pestana Hotel Group tem desenvolvido o plano de expans\u00e3o da rede ao longo dos \u00faltimos 15 anos, reconvertendo agora o edif\u00edcio hist\u00f3rico em Pousada de Portugal integrada no segmento da marca Charming Hotels. Situada a apenas 200 metros do Castelo, a nova unidade \u00e9 o ponto de partida para explorar a vila dentro de muralhas, naquele que \u00e9 um dos principais destinos tur\u00edsticos do pa\u00eds e que mant\u00e9m inalteradas as t\u00edpicas cal\u00e7adas em pedra e as casas caiadas.<\/p>\n<p>A Pousada da Vila de \u00d3bidos apresenta duas fachadas caracter\u00edsticas em forma de V (de Vila) e conta com 17 quartos divididos em tr\u00eas tipologias &#8211; Pousada, Superior e Premium &#8211; e apresentam mobili\u00e1rio criteriosamente selecionado, proporcionando uma atmosfera acolhedora que prima pelo conforto e autenticidade. Todos os quartos est\u00e3o equipados com as comodidades do s\u00e9culo XXI e oferecem a experi\u00eancia \u00fanica de dormir num edif\u00edcio s\u00e9culo XVII com vista para a vila medieval. A unidade conta com uma convidativa \u00e1rea de pequenos-almo\u00e7os que se prolonga pelo o p\u00e1tio interior da unidade. A primeira refei\u00e7\u00e3o do dia \u00e9 tradicionalmente constitu\u00edda por especialidades regionais e produtos org\u00e2nicos.<\/p>\n<p>A nova Pousada da Vila de \u00d3bidos fica a apenas 3 minutos a p\u00e9 do Castelo de \u00d3bidos &#8211; considerado uma das 7 Maravilhas de Portugal &#8211; representando o primeiro monumento nacional a integrar a rede Pousadas de Portugal. \u00a0A marca dos hot\u00e9is hist\u00f3ricos do Pestana Hotel Group mantem o seu compromisso em aliar a vertente cultural e patrimonial com a cria\u00e7\u00e3o de produtos, ambientes e atmosferas \u00fanicas e de qualidade.<\/p>\n<p>&nbsp;<\/p>\n<p><strong>POUSADA VILA DE \u00d3BIDOS, <\/strong><\/p>\n<p><strong>estadias desde 155 EUROS por noite em quarto duplo com pequeno-almo\u00e7o inclu\u00eddo.<\/strong><\/p>\n<p>Mais informa\u00e7\u00f5es em <a href=\"http:\/\/www.pousadas.pt\">www.pousadas.pt<\/a><\/p>\n<p>As Pousadas de Portugal representam uma marca de 33 hot\u00e9is instalados em edif\u00edcios hist\u00f3ricos como Castelos, Pal\u00e1cios, Mosteiros e Conventos, presentes de norte a sul do pa\u00eds e tamb\u00e9m nos A\u00e7ores. Com mais de sete d\u00e9cadas de hist\u00f3ria, as Pousadas de Portugal s\u00e3o sin\u00f3nimo de qualidade, hospitalidade, cultura e tradi\u00e7\u00e3o. Tiveram a sua origem nos anos 40, com a constru\u00e7\u00e3o das primeiras Pousadas Regionais, destinadas a alojar os visitantes e fornecer-lhes alimenta\u00e7\u00e3o consent\u00e2nea com o estilo e as tradi\u00e7\u00f5es de cada regi\u00e3o. Na d\u00e9cada de 50 o conceito alargou-se \u00e0s Pousadas hist\u00f3ricas, instaladas em monumentos cuidadosamente restaurados para o efeito. O compromisso \u00e9 garantir uma oferta tur\u00edstica diferenciada que mant\u00e9m viva a chama hospitaleira dos portugueses e se afirma como um ve\u00edculo de prote\u00e7\u00e3o e divulga\u00e7\u00e3o do nosso patrim\u00f3nio cultural. A garantia que d\u00e3o \u00e9 a excel\u00eancia, que naturalmente n\u00e3o dispensa todo o respeito pela recupera\u00e7\u00e3o do patrim\u00f3nio arquitet\u00f3nico nacional, adaptado \u00e0s modernas exig\u00eancias de conforto e bem-estar em sintonia com a sua autenticidade.<\/p>\n<p>&nbsp;<\/p>\n<p><strong>SOBRE AS POUSADAS DE PORTUGAL<\/strong><\/p>\n<p>As Pousadas de Portugal integram o programa do Pestana Sustainability Program: Planet Guest &#8211; \u201cSomos apenas h\u00f3spedes do Planeta\u201d \u2013 que incorpora todas as iniciativas que promovem a sustentabilidade. O Planet Guest transmite a posi\u00e7\u00e3o do Grupo e dos seus colaboradores no que diz respeito \u00e0 sustentabilidade do Planeta em que vivemos e o foco do PHG na extrema preocupa\u00e7\u00e3o perante as gera\u00e7\u00f5es futuras. Tem como objetivo criar valor no longo prazo para a empresa, desenvolvendo a sua atividade com respeito pelo meio ambiente, comunidades locais, colaboradores, clientes e todos os stakeholders relevantes no exerc\u00edcio da sua atividade.<\/p>\n<p>&nbsp;<\/p>\n","protected":false},"excerpt":{"rendered":"PESTANA POUSADA DA VILA DE \u00d3BIDOS A MAIS RECENTE UNIDADE DA REDE POUSADAS DE PORTUGAL O Pestana Hotel Group apresentou ontem a primeira fase da Pousada Vila de \u00d3bidos, localizada dentro das muralhas da vila medieval, no espa\u00e7o do antigo Hospital da Miseric\u00f3rdia. Este edif\u00edcio constitui o primeiro n\u00facleo da expans\u00e3o da marca, disponibilizando agora&#8230; <a class=\"view-article\" href=\"https:\/\/www.pestanagroup.com\/pt-pt\/pestana-pousada-da-vila-obidos-recente-unidade-da-rede-pousadas-portugal\/\">Ver artigo<\/a>","protected":false},"author":33,"featured_media":2083,"comment_status":"open","ping_status":"open","sticky":false,"template":"","format":"standard","meta":{"footnotes":""},"categories":[87],"tags":[],"class_list":["post-2060","post","type-post","status-publish","format-standard","has-post-thumbnail","hentry","category-press-release-media"],"yoast_head":"<!-- This site is optimized with the Yoast SEO plugin v25.4 - https:\/\/yoast.com\/wordpress\/plugins\/seo\/ -->\n<title>PESTANA POUSADA DA VILA DE \u00d3BIDOS - A MAIS RECENTE UNIDADE DA REDE POUSADAS DE PORTUGAL - Grupo Pestana<\/title>\n<meta name=\"robots\" content=\"index, follow, max-snippet:-1, max-image-preview:large, max-video-preview:-1\" \/>\n<link rel=\"canonical\" href=\"https:\/\/www.pestanagroup.com\/pt-pt\/pestana-pousada-da-vila-obidos-recente-unidade-da-rede-pousadas-portugal\/\" \/>\n<meta property=\"og:locale\" content=\"pt_PT\" \/>\n<meta property=\"og:type\" content=\"article\" \/>\n<meta property=\"og:title\" content=\"PESTANA POUSADA DA VILA DE \u00d3BIDOS - A MAIS RECENTE UNIDADE DA REDE POUSADAS DE PORTUGAL - Grupo Pestana\" \/>\n<meta property=\"og:description\" content=\"PESTANA POUSADA DA VILA DE \u00d3BIDOS A MAIS RECENTE UNIDADE DA REDE POUSADAS DE PORTUGAL O Pestana Hotel Group apresentou ontem a primeira fase da Pousada Vila de \u00d3bidos, localizada dentro das muralhas da vila medieval, no espa\u00e7o do antigo Hospital da Miseric\u00f3rdia. Este edif\u00edcio constitui o primeiro n\u00facleo da expans\u00e3o da marca, disponibilizando agora... Ver artigo\" \/>\n<meta property=\"og:url\" content=\"https:\/\/www.pestanagroup.com\/pt-pt\/pestana-pousada-da-vila-obidos-recente-unidade-da-rede-pousadas-portugal\/\" \/>\n<meta property=\"og:site_name\" content=\"Grupo Pestana\" \/>\n<meta property=\"article:published_time\" content=\"2018-05-28T08:35:48+00:00\" \/>\n<meta property=\"article:modified_time\" content=\"2023-01-11T13:00:47+00:00\" \/>\n<meta property=\"og:image\" content=\"https:\/\/www.pestanagroup.com\/wp-content\/uploads\/2018\/05\/pousada-vila-de-obidos.jpg\" \/>\n\t<meta property=\"og:image:width\" content=\"800\" \/>\n\t<meta property=\"og:image:height\" content=\"399\" \/>\n\t<meta property=\"og:image:type\" content=\"image\/jpeg\" \/>\n<meta name=\"author\" content=\"DigitalPestana\" \/>\n<meta name=\"twitter:card\" content=\"summary_large_image\" \/>\n<meta name=\"twitter:label1\" content=\"Escrito por\" \/>\n\t<meta name=\"twitter:data1\" content=\"DigitalPestana\" \/>\n\t<meta name=\"twitter:label2\" content=\"Tempo estimado de leitura\" \/>\n\t<meta name=\"twitter:data2\" content=\"4 minutos\" \/>\n<script type=\"application\/ld+json\" class=\"yoast-schema-graph\">{\"@context\":\"https:\/\/schema.org\",\"@graph\":[{\"@type\":\"WebPage\",\"@id\":\"https:\/\/www.pestanagroup.com\/pt-pt\/pestana-pousada-da-vila-obidos-recente-unidade-da-rede-pousadas-portugal\/\",\"url\":\"https:\/\/www.pestanagroup.com\/pt-pt\/pestana-pousada-da-vila-obidos-recente-unidade-da-rede-pousadas-portugal\/\",\"name\":\"PESTANA POUSADA DA VILA DE \u00d3BIDOS - A MAIS RECENTE UNIDADE DA REDE POUSADAS DE PORTUGAL - Grupo Pestana\",\"isPartOf\":{\"@id\":\"https:\/\/www.pestanagroup.com\/pt-pt\/#website\"},\"primaryImageOfPage\":{\"@id\":\"https:\/\/www.pestanagroup.com\/pt-pt\/pestana-pousada-da-vila-obidos-recente-unidade-da-rede-pousadas-portugal\/#primaryimage\"},\"image\":{\"@id\":\"https:\/\/www.pestanagroup.com\/pt-pt\/pestana-pousada-da-vila-obidos-recente-unidade-da-rede-pousadas-portugal\/#primaryimage\"},\"thumbnailUrl\":\"https:\/\/www.pestanagroup.com\/wp-content\/uploads\/2018\/05\/pousada-vila-de-obidos.jpg\",\"datePublished\":\"2018-05-28T08:35:48+00:00\",\"dateModified\":\"2023-01-11T13:00:47+00:00\",\"author\":{\"@id\":\"https:\/\/www.pestanagroup.com\/pt-pt\/#\/schema\/person\/6f0b4c8f1089243e3d2fcbce8db8009a\"},\"inLanguage\":\"pt-PT\",\"potentialAction\":[{\"@type\":\"ReadAction\",\"target\":[\"https:\/\/www.pestanagroup.com\/pt-pt\/pestana-pousada-da-vila-obidos-recente-unidade-da-rede-pousadas-portugal\/\"]}]},{\"@type\":\"ImageObject\",\"inLanguage\":\"pt-PT\",\"@id\":\"https:\/\/www.pestanagroup.com\/pt-pt\/pestana-pousada-da-vila-obidos-recente-unidade-da-rede-pousadas-portugal\/#primaryimage\",\"url\":\"https:\/\/www.pestanagroup.com\/wp-content\/uploads\/2018\/05\/pousada-vila-de-obidos.jpg\",\"contentUrl\":\"https:\/\/www.pestanagroup.com\/wp-content\/uploads\/2018\/05\/pousada-vila-de-obidos.jpg\",\"width\":800,\"height\":399},{\"@type\":\"WebSite\",\"@id\":\"https:\/\/www.pestanagroup.com\/pt-pt\/#website\",\"url\":\"https:\/\/www.pestanagroup.com\/pt-pt\/\",\"name\":\"Grupo Pestana\",\"description\":\"The Time of Your Life\",\"potentialAction\":[{\"@type\":\"SearchAction\",\"target\":{\"@type\":\"EntryPoint\",\"urlTemplate\":\"https:\/\/www.pestanagroup.com\/pt-pt\/?s={search_term_string}\"},\"query-input\":{\"@type\":\"PropertyValueSpecification\",\"valueRequired\":true,\"valueName\":\"search_term_string\"}}],\"inLanguage\":\"pt-PT\"},{\"@type\":\"Person\",\"@id\":\"https:\/\/www.pestanagroup.com\/pt-pt\/#\/schema\/person\/6f0b4c8f1089243e3d2fcbce8db8009a\",\"name\":\"DigitalPestana\",\"image\":{\"@type\":\"ImageObject\",\"inLanguage\":\"pt-PT\",\"@id\":\"https:\/\/www.pestanagroup.com\/pt-pt\/#\/schema\/person\/image\/\",\"url\":\"https:\/\/secure.gravatar.com\/avatar\/a227aa2f29ffbe05d3231b3b5321ece192f2b350ca7ad77fbdaf3516b912dab5?s=96&d=mm&r=g\",\"contentUrl\":\"https:\/\/secure.gravatar.com\/avatar\/a227aa2f29ffbe05d3231b3b5321ece192f2b350ca7ad77fbdaf3516b912dab5?s=96&d=mm&r=g\",\"caption\":\"DigitalPestana\"},\"url\":\"https:\/\/www.pestanagroup.com\/pt-pt\/author\/digitalpestana\/\"}]}<\/script>\n<!-- \/ Yoast SEO plugin. -->","yoast_head_json":{"title":"PESTANA POUSADA DA VILA DE \u00d3BIDOS - A MAIS RECENTE UNIDADE DA REDE POUSADAS DE PORTUGAL - Grupo Pestana","robots":{"index":"index","follow":"follow","max-snippet":"max-snippet:-1","max-image-preview":"max-image-preview:large","max-video-preview":"max-video-preview:-1"},"canonical":"https:\/\/www.pestanagroup.com\/pt-pt\/pestana-pousada-da-vila-obidos-recente-unidade-da-rede-pousadas-portugal\/","og_locale":"pt_PT","og_type":"article","og_title":"PESTANA POUSADA DA VILA DE \u00d3BIDOS - A MAIS RECENTE UNIDADE DA REDE POUSADAS DE PORTUGAL - Grupo Pestana","og_description":"PESTANA POUSADA DA VILA DE \u00d3BIDOS A MAIS RECENTE UNIDADE DA REDE POUSADAS DE PORTUGAL O Pestana Hotel Group apresentou ontem a primeira fase da Pousada Vila de \u00d3bidos, localizada dentro das muralhas da vila medieval, no espa\u00e7o do antigo Hospital da Miseric\u00f3rdia. Este edif\u00edcio constitui o primeiro n\u00facleo da expans\u00e3o da marca, disponibilizando agora... Ver artigo","og_url":"https:\/\/www.pestanagroup.com\/pt-pt\/pestana-pousada-da-vila-obidos-recente-unidade-da-rede-pousadas-portugal\/","og_site_name":"Grupo Pestana","article_published_time":"2018-05-28T08:35:48+00:00","article_modified_time":"2023-01-11T13:00:47+00:00","og_image":[{"width":800,"height":399,"url":"https:\/\/www.pestanagroup.com\/wp-content\/uploads\/2018\/05\/pousada-vila-de-obidos.jpg","type":"image\/jpeg"}],"author":"DigitalPestana","twitter_card":"summary_large_image","twitter_misc":{"Escrito por":"DigitalPestana","Tempo estimado de leitura":"4 minutos"},"schema":{"@context":"https:\/\/schema.org","@graph":[{"@type":"WebPage","@id":"https:\/\/www.pestanagroup.com\/pt-pt\/pestana-pousada-da-vila-obidos-recente-unidade-da-rede-pousadas-portugal\/","url":"https:\/\/www.pestanagroup.com\/pt-pt\/pestana-pousada-da-vila-obidos-recente-unidade-da-rede-pousadas-portugal\/","name":"PESTANA POUSADA DA VILA DE \u00d3BIDOS - A MAIS RECENTE UNIDADE DA REDE POUSADAS DE PORTUGAL - Grupo Pestana","isPartOf":{"@id":"https:\/\/www.pestanagroup.com\/pt-pt\/#website"},"primaryImageOfPage":{"@id":"https:\/\/www.pestanagroup.com\/pt-pt\/pestana-pousada-da-vila-obidos-recente-unidade-da-rede-pousadas-portugal\/#primaryimage"},"image":{"@id":"https:\/\/www.pestanagroup.com\/pt-pt\/pestana-pousada-da-vila-obidos-recente-unidade-da-rede-pousadas-portugal\/#primaryimage"},"thumbnailUrl":"https:\/\/www.pestanagroup.com\/wp-content\/uploads\/2018\/05\/pousada-vila-de-obidos.jpg","datePublished":"2018-05-28T08:35:48+00:00","dateModified":"2023-01-11T13:00:47+00:00","author":{"@id":"https:\/\/www.pestanagroup.com\/pt-pt\/#\/schema\/person\/6f0b4c8f1089243e3d2fcbce8db8009a"},"inLanguage":"pt-PT","potentialAction":[{"@type":"ReadAction","target":["https:\/\/www.pestanagroup.com\/pt-pt\/pestana-pousada-da-vila-obidos-recente-unidade-da-rede-pousadas-portugal\/"]}]},{"@type":"ImageObject","inLanguage":"pt-PT","@id":"https:\/\/www.pestanagroup.com\/pt-pt\/pestana-pousada-da-vila-obidos-recente-unidade-da-rede-pousadas-portugal\/#primaryimage","url":"https:\/\/www.pestanagroup.com\/wp-content\/uploads\/2018\/05\/pousada-vila-de-obidos.jpg","contentUrl":"https:\/\/www.pestanagroup.com\/wp-content\/uploads\/2018\/05\/pousada-vila-de-obidos.jpg","width":800,"height":399},{"@type":"WebSite","@id":"https:\/\/www.pestanagroup.com\/pt-pt\/#website","url":"https:\/\/www.pestanagroup.com\/pt-pt\/","name":"Grupo Pestana","description":"The Time of Your Life","potentialAction":[{"@type":"SearchAction","target":{"@type":"EntryPoint","urlTemplate":"https:\/\/www.pestanagroup.com\/pt-pt\/?s={search_term_string}"},"query-input":{"@type":"PropertyValueSpecification","valueRequired":true,"valueName":"search_term_string"}}],"inLanguage":"pt-PT"},{"@type":"Person","@id":"https:\/\/www.pestanagroup.com\/pt-pt\/#\/schema\/person\/6f0b4c8f1089243e3d2fcbce8db8009a","name":"DigitalPestana","image":{"@type":"ImageObject","inLanguage":"pt-PT","@id":"https:\/\/www.pestanagroup.com\/pt-pt\/#\/schema\/person\/image\/","url":"https:\/\/secure.gravatar.com\/avatar\/a227aa2f29ffbe05d3231b3b5321ece192f2b350ca7ad77fbdaf3516b912dab5?s=96&d=mm&r=g","contentUrl":"https:\/\/secure.gravatar.com\/avatar\/a227aa2f29ffbe05d3231b3b5321ece192f2b350ca7ad77fbdaf3516b912dab5?s=96&d=mm&r=g","caption":"DigitalPestana"},"url":"https:\/\/www.pestanagroup.com\/pt-pt\/author\/digitalpestana\/"}]}},"publishpress_future_action":{"enabled":false,"date":"2026-05-05 17:56:50","action":"change-status","newStatus":"draft","terms":[],"taxonomy":"category"},"publishpress_future_workflow_manual_trigger":{"enabledWorkflows":[]},"_links":{"self":[{"href":"https:\/\/www.pestanagroup.com\/pt-pt\/wp-json\/wp\/v2\/posts\/2060","targetHints":{"allow":["GET"]}}],"collection":[{"href":"https:\/\/www.pestanagroup.com\/pt-pt\/wp-json\/wp\/v2\/posts"}],"about":[{"href":"https:\/\/www.pestanagroup.com\/pt-pt\/wp-json\/wp\/v2\/types\/post"}],"author":[{"embeddable":true,"href":"https:\/\/www.pestanagroup.com\/pt-pt\/wp-json\/wp\/v2\/users\/33"}],"replies":[{"embeddable":true,"href":"https:\/\/www.pestanagroup.com\/pt-pt\/wp-json\/wp\/v2\/comments?post=2060"}],"version-history":[{"count":5,"href":"https:\/\/www.pestanagroup.com\/pt-pt\/wp-json\/wp\/v2\/posts\/2060\/revisions"}],"predecessor-version":[{"id":4989,"href":"https:\/\/www.pestanagroup.com\/pt-pt\/wp-json\/wp\/v2\/posts\/2060\/revisions\/4989"}],"wp:featuredmedia":[{"embeddable":true,"href":"https:\/\/www.pestanagroup.com\/pt-pt\/wp-json\/wp\/v2\/media\/2083"}],"wp:attachment":[{"href":"https:\/\/www.pestanagroup.com\/pt-pt\/wp-json\/wp\/v2\/media?parent=2060"}],"wp:term":[{"taxonomy":"category","embeddable":true,"href":"https:\/\/www.pestanagroup.com\/pt-pt\/wp-json\/wp\/v2\/categories?post=2060"},{"taxonomy":"post_tag","embeddable":true,"href":"https:\/\/www.pestanagroup.com\/pt-pt\/wp-json\/wp\/v2\/tags?post=2060"}],"curies":[{"name":"wp","href":"https:\/\/api.w.org\/{rel}","templated":true}]}}